{"id":3,"count":26,"description":"","link":"https:\/\/www.unesenivangole.socializmus.sk\/en\/kategoria\/rok-v-zajati-unity-spomienky-priameho-ucastnika\/","name":"Rok v zajat\u00ed UNITY - spomienky priameho \u00fa\u010dastn\u00edka","slug":"rok-v-zajati-unity-spomienky-priameho-ucastnika","taxonomy":"category","parent":0,"meta":[],"yoast_head":"<!-- This site is optimized with the Yoast SEO plugin v27.5 - https:\/\/yoast.com\/product\/yoast-seo-wordpress\/ -->\n<title>Arch\u00edvy Rok v zajat\u00ed UNITY - spomienky priameho \u00fa\u010dastn\u00edka | Najv\u00e4\u010d\u0161\u00ed \u00fanos \u010cechoslov\u00e1kov \u2013 Angola 1983<\/title>\n<meta name=\"robots\" content=\"index, follow, max-snippet:-1, max-image-preview:large, max-video-preview:-1\" \/>\n<link rel=\"canonical\" href=\"https:\/\/www.unesenivangole.socializmus.sk\/en\/kategoria\/rok-v-zajati-unity-spomienky-priameho-ucastnika\/\" \/>\n<meta property=\"og:locale\" content=\"en_GB\" \/>\n<meta property=\"og:type\" content=\"article\" \/>\n<meta property=\"og:title\" content=\"Arch\u00edvy Rok v zajat\u00ed UNITY - spomienky priameho \u00fa\u010dastn\u00edka | Najv\u00e4\u010d\u0161\u00ed \u00fanos \u010cechoslov\u00e1kov \u2013 Angola 1983\" \/>\n<meta property=\"og:url\" content=\"https:\/\/www.unesenivangole.socializmus.sk\/en\/kategoria\/rok-v-zajati-unity-spomienky-priameho-ucastnika\/\" \/>\n<meta property=\"og:site_name\" content=\"Najv\u00e4\u010d\u0161\u00ed \u00fanos \u010cechoslov\u00e1kov \u2013 Angola 1983\" \/>\n<meta name=\"twitter:card\" content=\"summary_large_image\" \/>\n<script type=\"application\/ld+json\" class=\"yoast-schema-graph\">{\"@context\":\"https:\\\/\\\/schema.org\",\"@graph\":[{\"@type\":\"CollectionPage\",\"@id\":\"https:\\\/\\\/www.unesenivangole.socializmus.sk\\\/kategoria\\\/rok-v-zajati-unity-spomienky-priameho-ucastnika\\\/\",\"url\":\"https:\\\/\\\/www.unesenivangole.socializmus.sk\\\/kategoria\\\/rok-v-zajati-unity-spomienky-priameho-ucastnika\\\/\",\"name\":\"Arch\u00edvy Rok v zajat\u00ed UNITY - spomienky priameho \u00fa\u010dastn\u00edka | Najv\u00e4\u010d\u0161\u00ed \u00fanos \u010cechoslov\u00e1kov \u2013 Angola 1983\",\"isPartOf\":{\"@id\":\"https:\\\/\\\/www.unesenivangole.socializmus.sk\\\/#website\"},\"breadcrumb\":{\"@id\":\"https:\\\/\\\/www.unesenivangole.socializmus.sk\\\/kategoria\\\/rok-v-zajati-unity-spomienky-priameho-ucastnika\\\/#breadcrumb\"},\"inLanguage\":\"en-GB\"},{\"@type\":\"BreadcrumbList\",\"@id\":\"https:\\\/\\\/www.unesenivangole.socializmus.sk\\\/kategoria\\\/rok-v-zajati-unity-spomienky-priameho-ucastnika\\\/#breadcrumb\",\"itemListElement\":[{\"@type\":\"ListItem\",\"position\":1,\"name\":\"Domovsk\u00e1 str\u00e1nka\",\"item\":\"https:\\\/\\\/www.unesenivangole.socializmus.sk\\\/\"},{\"@type\":\"ListItem\",\"position\":2,\"name\":\"Rok v zajat\u00ed UNITY - spomienky priameho \u00fa\u010dastn\u00edka\"}]},{\"@type\":\"WebSite\",\"@id\":\"https:\\\/\\\/www.unesenivangole.socializmus.sk\\\/#website\",\"url\":\"https:\\\/\\\/www.unesenivangole.socializmus.sk\\\/\",\"name\":\"Najv\u00e4\u010d\u0161\u00ed \u00fanos \u010cechoslov\u00e1kov \u2013 Angola 1983\",\"description\":\"Socializmus.sk\",\"alternateName\":\"Socializmus.sk\",\"potentialAction\":[{\"@type\":\"SearchAction\",\"target\":{\"@type\":\"EntryPoint\",\"urlTemplate\":\"https:\\\/\\\/www.unesenivangole.socializmus.sk\\\/?s={search_term_string}\"},\"query-input\":{\"@type\":\"PropertyValueSpecification\",\"valueRequired\":true,\"valueName\":\"search_term_string\"}}],\"inLanguage\":\"en-GB\"}]}<\/script>\n<!-- \/ Yoast SEO plugin. -->","yoast_head_json":{"title":"Arch\u00edvy Rok v zajat\u00ed UNITY - spomienky priameho \u00fa\u010dastn\u00edka | Najv\u00e4\u010d\u0161\u00ed \u00fanos \u010cechoslov\u00e1kov \u2013 Angola 1983","robots":{"index":"index","follow":"follow","max-snippet":"max-snippet:-1","max-image-preview":"max-image-preview:large","max-video-preview":"max-video-preview:-1"},"canonical":"https:\/\/www.unesenivangole.socializmus.sk\/en\/kategoria\/rok-v-zajati-unity-spomienky-priameho-ucastnika\/","og_locale":"en_GB","og_type":"article","og_title":"Arch\u00edvy Rok v zajat\u00ed UNITY - spomienky priameho \u00fa\u010dastn\u00edka | Najv\u00e4\u010d\u0161\u00ed \u00fanos \u010cechoslov\u00e1kov \u2013 Angola 1983","og_url":"https:\/\/www.unesenivangole.socializmus.sk\/en\/kategoria\/rok-v-zajati-unity-spomienky-priameho-ucastnika\/","og_site_name":"Najv\u00e4\u010d\u0161\u00ed \u00fanos \u010cechoslov\u00e1kov \u2013 Angola 1983","twitter_card":"summary_large_image","schema":{"@context":"https:\/\/schema.org","@graph":[{"@type":"CollectionPage","@id":"https:\/\/www.unesenivangole.socializmus.sk\/kategoria\/rok-v-zajati-unity-spomienky-priameho-ucastnika\/","url":"https:\/\/www.unesenivangole.socializmus.sk\/kategoria\/rok-v-zajati-unity-spomienky-priameho-ucastnika\/","name":"Arch\u00edvy Rok v zajat\u00ed UNITY - spomienky priameho \u00fa\u010dastn\u00edka | Najv\u00e4\u010d\u0161\u00ed \u00fanos \u010cechoslov\u00e1kov \u2013 Angola 1983","isPartOf":{"@id":"https:\/\/www.unesenivangole.socializmus.sk\/#website"},"breadcrumb":{"@id":"https:\/\/www.unesenivangole.socializmus.sk\/kategoria\/rok-v-zajati-unity-spomienky-priameho-ucastnika\/#breadcrumb"},"inLanguage":"en-GB"},{"@type":"BreadcrumbList","@id":"https:\/\/www.unesenivangole.socializmus.sk\/kategoria\/rok-v-zajati-unity-spomienky-priameho-ucastnika\/#breadcrumb","itemListElement":[{"@type":"ListItem","position":1,"name":"Domovsk\u00e1 str\u00e1nka","item":"https:\/\/www.unesenivangole.socializmus.sk\/"},{"@type":"ListItem","position":2,"name":"Rok v zajat\u00ed UNITY - spomienky priameho \u00fa\u010dastn\u00edka"}]},{"@type":"WebSite","@id":"https:\/\/www.unesenivangole.socializmus.sk\/#website","url":"https:\/\/www.unesenivangole.socializmus.sk\/","name":"The biggest kidnapping of Czechoslovaks - Angola 1983","description":"Socializmus.sk","alternateName":"Socializmus.sk","potentialAction":[{"@type":"SearchAction","target":{"@type":"EntryPoint","urlTemplate":"https:\/\/www.unesenivangole.socializmus.sk\/?s={search_term_string}"},"query-input":{"@type":"PropertyValueSpecification","valueRequired":true,"valueName":"search_term_string"}}],"inLanguage":"en-GB"}]}},"_links":{"self":[{"href":"https:\/\/www.unesenivangole.socializmus.sk\/en\/wp-json\/wp\/v2\/categories\/3","targetHints":{"allow":["GET"]}}],"collection":[{"href":"https:\/\/www.unesenivangole.socializmus.sk\/en\/wp-json\/wp\/v2\/categories"}],"about":[{"href":"https:\/\/www.unesenivangole.socializmus.sk\/en\/wp-json\/wp\/v2\/taxonomies\/category"}],"wp:post_type":[{"href":"https:\/\/www.unesenivangole.socializmus.sk\/en\/wp-json\/wp\/v2\/posts?categories=3"}],"curies":[{"name":"wp","href":"https:\/\/api.w.org\/{rel}","templated":true}]}}