{"id":1454,"date":"2023-08-26T23:36:15","date_gmt":"2023-08-26T21:36:15","guid":{"rendered":"https:\/\/unesenivangole.socializmus.sk\/?p=1454"},"modified":"2024-03-15T23:39:29","modified_gmt":"2024-03-15T22:39:29","slug":"po-ctyrmesicnim-vezneni-v-busi-sverovat-pozdrav-domu-na-mikrofon-je-pro-nekoho-zahul","status":"publish","type":"post","link":"https:\/\/www.unesenivangole.socializmus.sk\/en\/po-ctyrmesicnim-vezneni-v-busi-sverovat-pozdrav-domu-na-mikrofon-je-pro-nekoho-zahul\/","title":{"rendered":"Po \u010dty\u0159m\u011bs\u00ed\u010dn\u00edm v\u011bzn\u011bn\u00ed v bu\u0161i sv\u011b\u0159ovat pozdrav dom\u016f na mikrofon je pro n\u011bkoho z\u00e1hul!"},"content":{"rendered":"<p><strong>V\u00edce ne\u017e 7000 km daleko pos\u00edl\u00e1me v\u00e1no\u010dn\u00ed pozdravy rodin\u00e1m. N\u011bkte\u0159\u00ed maj\u00ed slzy v o\u010d\u00edch, mnoh\u00fdm z n\u00e1s se t\u0159ese hlas, mnoz\u00ed nev\u011bd\u00ed co maj\u00ed na mikrofon \u0159\u00edkat. Je to toti\u017e dost intimn\u00ed situace, na velk\u00e9 pov\u00edd\u00e1n\u00ed. Nejhor\u0161\u00ed V\u00e1noce v \u017eivot\u011b pro dvacet chlap\u016f.<\/strong><\/p>\n<p>Pozdravy budou pr\u00fd vys\u00edl\u00e1ny nave\u010der, na \u0160t\u011bdr\u00fd den, ve ve\u010dern\u00edm vys\u00edl\u00e1n\u00ed lond\u00fdnsk\u00e9 BBC pro \u010ceskoslovensko. To v\u011bdom\u00ed, \u017ee je to pr\u00e1v\u011b v\u00e1no\u010dn\u00ed pozdrav je tak moc siln\u00e9, \u017ee zt\u011b\u017euje mnoh\u00fdm z n\u00e1s vyjad\u0159ov\u00e1n\u00ed. N\u011bkte\u0159\u00ed z n\u00e1s p\u0159itom maj\u00ed v o\u010d\u00edch i slzy. N\u011bkomu mo\u017en\u00e1 vadilo i to, \u017ee to bude vys\u00edlat BBC, ale v\u011bt\u0161in\u011b to bylo celkem jedno, kdyby to byla Svobodn\u00e1 Evropa.<\/p>\n<p>Pomoc\u00ed tradi\u010dn\u00ed domorod\u00e9 motyky, vyp\u016fj\u010den\u00e9 od s n\u00e1mi soused\u00edc\u00edch voj\u00e1k\u016f Tita s Tonym, si s Jirkou ji\u017e podruh\u00e9 upravujeme zar\u016fstaj\u00edc\u00ed okol\u00ed na\u0161\u00ed cubaty. Zejm\u00e9na v\u0161echny t\u0159i p\u0159\u00edstupov\u00e9 cesti\u010dky k ch\u00fd\u0161i, ale tak\u00e9 i v\u0161echny dal\u0161\u00ed p\u0159ilehl\u00e9 okoln\u00ed prostory. Proto\u017ee ta domorod\u00e1 motyka je dvojfunk\u010dn\u00ed, porazil jsem p\u0159itom tak\u00e9 i vzrostlej\u0161\u00ed zdravou ak\u00e1cii rostouc\u00ed vzadu, kousek za na\u0161\u00ed ch\u00fd\u0161\u00ed. Trochu n\u00e1m tam p\u0159ek\u00e1\u017eela v cest\u011b a cht\u011blo se mi tak\u00e9 trochu se na n\u011b\u010dem vyb\u00edt. P\u0159i tom jak ten strom podsek\u00e1v\u00e1m, chod\u00ed okolo m\u011b nejd\u0159\u00edv jeden a pot\u00e9 i dal\u0161\u00ed voj\u00e1k a pozoruj\u00ed m\u011b p\u0159itom. Ten druh\u00fd u\u017e to potom asi nevydr\u017eel a zept\u00e1 se m\u011b, pro\u010d ten strom k\u00e1c\u00edm. A j\u00e1, abych je zase jednou kapku potr\u00e1pil, odpov\u00edd\u00e1m, \u017ee letos strom poraz\u00edm a nasek\u00e1m, p\u0159\u00ed\u0161t\u00ed rok d\u0159evo usu\u0161\u00edm a dal\u0161\u00ed rok nato sp\u00e1l\u00edm. T\u00edm jsem jim cht\u011bl trochu vr\u00e1tit to, jak n\u00e1s od za\u010d\u00e1tku p\u0159ipravovali na t\u0159i a\u017e p\u011bt let dlouh\u00e9 zajet\u00ed.<\/p>\n<p>Od konce \u010dervna m\u011b bol\u00ed velk\u00e9 klouby, dokonce mnohem \u010dast\u011bji ne\u017e to bylo kdykoli p\u0159ed t\u00edm. Ten Voltar\u00e9n, kter\u00fd mi dokto\u0159i dali p\u0159i prvn\u00ed zdej\u0161\u00ed n\u00e1v\u0161t\u011bv\u011b Mezin\u00e1rodn\u00edho \u010derven\u00e9ho k\u0159\u00ed\u017ee, m\u00e1m ji\u017e d\u00e1vno pry\u010d. Te\u010f m\u011b tedy l\u00e9\u010d\u00ed jen s\u00e1m velk\u00fd \u0160aman, moc se mu to ale neda\u0159\u00ed. A j\u00e1 mu nav\u00edc ani mnoho nev\u011b\u0159\u00edm, tak\u017ee l\u00e9ky od n\u011bj jdou velmi \u010dasto rovnou do on\u00e9 vykopan\u00e9 d\u00edry za na\u0161\u00ed ch\u00fd\u0161\u00ed. V\u011bt\u0161inou mi toti\u017e v\u016fbec nepom\u00e1haj\u00ed a ani jejich pod\u00e1v\u00e1n\u00ed pro m\u011b nen\u00ed moc d\u016fv\u011bryhodn\u00e9. \u0160aman n\u00e1m je donese bu\u010fto zabalen\u00e9 jen tak v n\u011bjak\u00e9m pap\u00ed\u0159e od potravin, anebo tak\u00e9 dokonce jenom tak voln\u011b lo\u017een\u00e9 v kapse. A to u\u017e v\u016fbec nemluv\u00edm o tom, \u017ee se mnohdy nenam\u00e1h\u00e1 p\u0159ij\u00edt s nimi s\u00e1m a po\u0161le n\u00e1m sem ty l\u00e9ky jednodu\u0161e po sv\u00e9m poskokovi. A v\u011b\u0159te potom tomu, co to od n\u011bho vlastn\u011b dost\u00e1v\u00e1te! Pot\u0159ebn\u00e1 antimalarika n\u00e1m ned\u00e1vaj\u00ed v\u016fbec pravideln\u011b a tak snad jedin\u011b multivitaminov\u00e9 tablety jsem p\u0159ij\u00edmal \u00fapln\u011b s klidem. Asi tak ka\u017ed\u00fd druh\u00fd m\u011bs\u00edc se mi tu objevuj\u00ed v \u00fastech pom\u011brn\u011b nep\u0159\u00edjemn\u00e9 afty. \u010cek\u00e1 n\u00e1s jist\u011b je\u0161t\u011b mnohem nep\u0159\u00edjemn\u011bj\u0161\u00ed doba ne\u017e je tato.<\/p>\n<figure id=\"attachment_1457\" aria-describedby=\"caption-attachment-1457\" style=\"width: 890px\" class=\"wp-caption alignnone\"><a href=\"https:\/\/www.unesenivangole.socializmus.sk\/wp-content\/uploads\/2024\/03\/obrazok_2024-03-15_233719418.png\"><img fetchpriority=\"high\" decoding=\"async\" class=\"size-full wp-image-1457\" src=\"https:\/\/www.unesenivangole.socializmus.sk\/wp-content\/uploads\/2024\/03\/obrazok_2024-03-15_233719418.png\" alt=\"\" width=\"890\" height=\"1184\" srcset=\"https:\/\/www.unesenivangole.socializmus.sk\/wp-content\/uploads\/2024\/03\/obrazok_2024-03-15_233719418.png 890w, https:\/\/www.unesenivangole.socializmus.sk\/wp-content\/uploads\/2024\/03\/obrazok_2024-03-15_233719418-226x300.png 226w, https:\/\/www.unesenivangole.socializmus.sk\/wp-content\/uploads\/2024\/03\/obrazok_2024-03-15_233719418-770x1024.png 770w, https:\/\/www.unesenivangole.socializmus.sk\/wp-content\/uploads\/2024\/03\/obrazok_2024-03-15_233719418-768x1022.png 768w, https:\/\/www.unesenivangole.socializmus.sk\/wp-content\/uploads\/2024\/03\/obrazok_2024-03-15_233719418-9x12.png 9w\" sizes=\"(max-width: 890px) 100vw, 890px\" \/><\/a><figcaption id=\"caption-attachment-1457\" class=\"wp-caption-text\">Eda si t\u00e1hne d\u0159evo k ohni \ud83d\ude42 &#8212; Foto: F. Zlocha<\/figcaption><\/figure>\n<p>Uk\u00e1zalo se, \u017ee v\u00fdb\u011br v\u0161ech deseti dvojic, sena sam\u00e9m za\u010d\u00e1tku vyhl\u00e1\u0161en\u00ed izolace, byl jist\u011b p\u0159irozen\u00fd, ale ur\u010dit\u011b tak\u00e9 i hodn\u011b dobr\u00fd. Instinktivn\u011b se zde toti\u017e spojili takov\u00e9 dvojice, kter\u00e9 si mezi sebou velmi vyhovovali, ba co \u0159\u00edk\u00e1m, byli si chv\u00edlemi uvnit\u0159 i trochu podobn\u00e9. Trouf\u00e1m si p\u0159itom tvrdit, \u017ee v drtiv\u00e9 v\u011bt\u0161in\u011b p\u0159\u00edpad\u016f to byl velmi dobr\u00fd v\u00fdb\u011br. U n\u00e1s dvou s Jirkou to platilo zcela jist\u011b do p\u00edsmene. Nev\u00edm toti\u017e ani o n\u011bjak\u00fdch situac\u00edch, \u017ee by se dvojice v n\u011bkter\u00e9 jin\u00e9 ch\u00fd\u0161i n\u011bjak h\u00e1daly, nebo m\u011bly mezi sebou n\u011bjak\u00e9 velk\u00e9 osobn\u00ed spory. Ur\u010dit\u011b n\u011bjak\u00e1 absolutn\u00ed shoda nepanovala nikde, ale vylo\u017een\u00e9 h\u00e1dky se neobjevovaly.<\/p>\n<p>De\u0161t\u011b jsou nyn\u00ed skute\u010dn\u011b \u010dast\u00e9, jsou prakticky ka\u017edodenn\u00ed. S nimi se zde n\u00e1sledn\u011b, tak\u00e9 docela pochopiteln\u011b, objevili hodn\u011b nep\u0159\u00edjemn\u00ed kom\u00e1\u0159i a ale i mnoho jin\u00e9 zv\u011b\u0159e. Mus\u00edme si tak\u00e9 v\u017edy men\u0161\u00ed \u010d\u00e1st drobn\u011bj\u0161\u00edho d\u0159eva p\u0159echov\u00e1vat uvnit\u0159 v cubat\u011b pod l\u016f\u017ekem, jinak n\u00e1m hroz\u00ed, \u017ee u\u017e r\u00e1no nezap\u00e1l\u00edme ohe\u0148, vyhasne-li n\u00e1m p\u0159es noc. Sta\u010d\u00ed ho na to v\u017edy jen trochu, jen tak na rozd\u011bl\u00e1n\u00ed a potom u\u017e ochotn\u011bji ho\u0159\u00ed i d\u0159evo vlh\u010d\u00ed. Dovnit\u0159 n\u00e1m skoro v\u016fbec nepr\u0161\u00ed, ale je tam n\u011bkdy a\u017e nep\u0159\u00edjemn\u011b velk\u00e9 vlhko. To snad je\u0161t\u011b mnohem d\u0159\u00edve, tam u n\u00e1s v Alto Catumbela, tak tam jsme zcela pochopiteln\u011b v\u0161ichni z n\u00e1s sn\u00e1\u0161eli to tady nep\u0159\u00edjemn\u00e9 obdob\u00ed de\u0161\u0165\u016f o mnoho l\u00e9pe. Jednalo se tam ale tak\u00e9 o zcela odli\u0161n\u00e9 \u017eivotn\u00ed podm\u00ednky, a\u0165 u\u017e to bylo v \u010demkoli. P\u0159itom tady ani tolik nepr\u0161elo jako tam! Toti\u017e jenom ten fakt, \u017ee se vlastn\u011b nikdy nem\u016f\u017eeme ani p\u0159evl\u00e9knout do n\u011bjak\u00e9ho jin\u00e9ho \u010dist\u00e9ho a such\u00e9ho pr\u00e1dla, \u010di oble\u010den\u00ed, je pro n\u00e1s nesm\u00edrn\u011b krut\u00fd.<\/p>\n<p>Hned z kraje n\u00e1sleduj\u00edc\u00edho t\u00fddne prob\u011bhl n\u00e1m ji\u017e dlouhou dobu dob\u0159e zn\u00e1m\u00fd \u00faklid, kolem v\u0161ech na\u0161ich dom\u016f a ulic, jak tomu nadnesen\u011b \u0159\u00edkaj\u00ed. Je tedy zase zcela jasn\u00e9 to, \u017ee op\u011bt budeme v\u00edtat n\u011bjak\u00e9 hosty. V\u0161ichni z n\u00e1s se docela shodn\u011b domn\u00edv\u00e1me, \u017ee to budou p\u0159inejmen\u0161\u00edm ho\u0161i z Mezin\u00e1rodn\u00edho \u010derven\u00e9ho k\u0159\u00ed\u017ee, kte\u0159\u00ed n\u00e1m sl\u00edbili, kdy\u017e tu byli naposledy, \u017ee sem za n\u00e1mi ur\u010dit\u011b p\u0159ijedou letos je\u0161t\u011b jednou. Snad je\u0161t\u011b n\u011bjakou dobu p\u0159ed nadch\u00e1zej\u00edc\u00edmi V\u00e1nocemi. A \u010dasov\u011b by to te\u010f tomu docela dob\u0159e odpov\u00eddalo, V\u00e1noce jsou za dve\u0159mi.<\/p>\n<p>Ve st\u0159edu odpoledne t\u00e9m\u011b\u0159 hned po ob\u011bd\u011b n\u00e1s voj\u00e1ci opravdu v\u0161echny svol\u00e1vaj\u00ed do velk\u00e9ho jango, kam za n\u00e1mi potom p\u0159ich\u00e1z\u00ed jeden z major\u016f UNITA. Jeho prvn\u00ed zpr\u00e1va je pro n\u00e1s opravdu p\u0159\u00edmo skv\u011bl\u00e1. Vrchn\u00ed velen\u00ed jejich organizace n\u00e1m pr\u00fd toti\u017e pro p\u0159\u00ed\u0161t\u011b povoluje ka\u017edou ned\u011bli se mezi sebou norm\u00e1ln\u011b st\u00fdkat. V ostatn\u00ed zb\u00fdvaj\u00edc\u00ed dny p\u0159es t\u00fdden pak ov\u0161em st\u00e1le norm\u00e1ln\u011b pokra\u010duje izolace po dvojic\u00edch, tak jako p\u0159edt\u00edm d\u0159\u00edve. Nejsme z toho rozhodnut\u00ed p\u0159\u00edli\u0161 moud\u0159\u00ed, pro\u010d v ned\u011bli ano a jin\u00e9 dny ne, ale nech\u0165! Po\u0159\u00e1d lep\u0161\u00ed jeden den v t\u00fddnu, ne\u017e \u017e\u00e1dn\u00fd!<\/p>\n<p>V sobotu dopoledne sem op\u011bt p\u0159ij\u00ed\u017ed\u011bj\u00ed n\u011bjac\u00ed evrop\u0161t\u00ed novin\u00e1\u0159i. Je to tedy u\u017e podruh\u00e9 v tomto t\u00fddnu co se spole\u010dn\u011b sch\u00e1z\u00edme v jango. \u0158\u00edkaj\u00ed n\u00e1m posledn\u00ed novinky ze sv\u011bta, tak jako je pr\u00fd ned\u00e1vno Rusy sest\u0159elen\u00e9 pln\u011b obsazen\u00e9 civiln\u00ed korejsk\u00e9 dopravn\u00ed letadlo, tak\u00e9 n\u011bkter\u00e9 Lendlovy p\u0159ekvapiv\u00e9 v\u00fdsledky v tenisu a k tomu i n\u011bjak\u00e9 hokejov\u00e9 v\u00fdsledky. Nat\u00e1\u010d\u00ed si n\u00e1s p\u0159i tom na videoz\u00e1znam i magnetofony. Anglick\u00fd novin\u00e1\u0159 z listu \u201eThe Scotsman\u201c na z\u00e1v\u011br se sv\u00fdm druh\u00fdm kolegou potom nat\u00e1\u010d\u00ed na\u0161e osobn\u00ed vzkazy, pozdravy dom\u016f, na\u0161im rodin\u00e1m na magnetofon. Budou pr\u00fd vys\u00edl\u00e1ny nave\u010der, na \u0160t\u011bdr\u00fd den, ve ve\u010dern\u00edm vys\u00edl\u00e1n\u00ed lond\u00fdnsk\u00e9 BBC pro \u010ceskoslovensko. To v\u011bdom\u00ed, \u017ee je to pr\u00e1v\u011b v\u00e1no\u010dn\u00ed pozdrav je tak moc siln\u00e9, \u017ee zt\u011b\u017euje mnoh\u00fdm z n\u00e1s vyjad\u0159ov\u00e1n\u00ed. N\u011bkte\u0159\u00ed z n\u00e1s p\u0159itom maj\u00ed v o\u010d\u00edch i slzy. N\u011bkomu mo\u017en\u00e1 vadilo i to, \u017ee to bude vys\u00edlat BBC, ale v\u011bt\u0161in\u011b to bylo celkem jedno, kdyby to byla Svobodn\u00e1 Evropa. Zn\u00e1m\u00fd u\u017e major Jaka Jamba, zodpov\u011bdn\u00fd za styk s novin\u00e1\u0159i, n\u00e1s k tomu v\u0161emu je\u0161t\u011b vyz\u00fdv\u00e1, a\u0165 tak\u00e9 nap\u00ed\u0161eme krati\u010dk\u00fd dopis adresovan\u00fd gener\u00e1lu Savimbi, kde ho po\u017e\u00e1d\u00e1me o osobn\u00ed \u00fa\u010dast v \u0159e\u0161en\u00ed na\u0161eho propu\u0161t\u011bn\u00ed.<\/p>\n<p>Dal\u0161\u00ed den, v ned\u011bli 18. 12., si u\u017e\u00edv\u00e1me hned od sam\u00e9ho r\u00e1na maxim\u00e1ln\u00ed volnosti pohybu, v r\u00e1mci na\u0161eho m\u00edrn\u011b omezen\u00e9ho prostoru. V\u011bt\u0161ina z n\u00e1s chod\u00ed od jedn\u00e9 cubaty ke druh\u00e9. V\u0161ude se diskutuje o posledn\u00edch ud\u00e1lostech, ale i o v\u011bcech minul\u00fdch. Hraj\u00ed se tak\u00e9 cel\u00fd den karetn\u00ed hry a tak\u00e9 i \u0161achy. Ka\u017ed\u00fd z n\u00e1s se bav\u00ed, jak jen uzn\u00e1v\u00e1 za vhodn\u00e9. Rozhodn\u011b je tento den vyu\u017eit nejl\u00e9pe, tak jak to jen v t\u011bchto podm\u00ednk\u00e1ch m\u016f\u017ee j\u00edt.<\/p>\n<p>Jeho z\u00e1v\u011br prob\u00edh\u00e1 spole\u010dn\u011b u jednoho v\u011bt\u0161\u00edho ohn\u011b, kde se nad\u00e1le je\u0161t\u011b diskutuje o v\u0161em mo\u017en\u00e9m. Hlavn\u011b ty \u00fapln\u011b posledn\u00ed informace z\u00edskan\u00e9 od voj\u00e1k\u016f UNITA, novin\u00e1\u0159\u016f a z dopis\u016f, ty si tu v\u0161echny \u0159\u00e1dn\u011b probereme je\u0161t\u011b jednou. Potom si na konec je\u0161t\u011b spole\u010dn\u011b zazp\u00edv\u00e1me i n\u011bjak\u00e9 popul\u00e1rn\u00ed sproston\u00e1rodn\u00ed p\u00edsni\u010dky, na \u00fapln\u00fd z\u00e1v\u011br si je\u0161t\u011b vypr\u00e1v\u00edme anekdoty. Ne\u017eli se nad\u011bjeme, je tady p\u016flnoc s n\u00ed je tu konec cel\u00e9 pohody. Je tedy nutn\u011b \u010das odebrat se ka\u017ed\u00fd nazp\u011bt do sv\u00e9 ch\u00fd\u0161e. Rozch\u00e1z\u00edme se na dal\u0161\u00ed t\u00fdden v\u0161ichni do sv\u00fdch slam\u011bn\u00fdch obydl\u00ed. A Lum\u00edrek, tak jako v\u017edy p\u0159edt\u00edm s n\u011b\u010d\u00edm absolutn\u011b nov\u00fdm, n\u00e1s halasn\u011b zdrav\u00ed: <em>\u201eAhoj! Z\u00edtra u\u017e t\u011b nezn\u00e1m!\u201c\u00a0<\/em><\/p>\n<p>\u0160t\u011bdr\u00fd den a\u010d sobota, tak m\u00e1me zase voln\u00fd pohyb. Z ve\u010de\u0159e d\u011bl\u00e1 Riaula tajemstv\u00ed a snad jedin\u00e9 co v\u00edme, \u017ee budou i Vildovy buchty. Kter\u00e9 upekli spolu s Pavlem odpoledne. Na ve\u010de\u0159i jdeme o n\u011bco pozd\u011bji ne\u017e b\u00fdv\u00e1 obvykl\u00e9. K na\u0161emu hodn\u011b velik\u00e9mu p\u0159ekvapen\u00ed jsou v men\u0161\u00edm ov\u00e1ln\u00e9m jango, postaven\u00e9m v prostoru mezi na\u0161\u00ed a angolskou \u010d\u00e1st\u00ed z\u00e1kladny, prost\u0159eny t\u0159i velk\u00e9 stoly a po jeho kraj\u00edch osv\u011btluje vnit\u0159n\u00ed prostor dohromady \u0161est petrolejek. J\u00eddla jsou zde ji\u017e pro n\u00e1s tak\u00e9 p\u0159ipravena. Zcela v\u00fdjime\u010dn\u011b m\u00e1me dnes ve\u010der i pol\u00e9vku, potom n\u00e1sleduje hlavn\u00ed chod, kter\u00fdm je pe\u010den\u00e9 maso. To je podle chuti z\u00edskan\u00e9 asi z n\u011bjak\u00e9 gazely a k n\u011bmu je jako p\u0159\u00edloha \u010derstv\u00fd m\u00edstn\u00ed chl\u00e9b, na sam\u00fd z\u00e1v\u011br ve\u010de\u0159e se pod\u00e1vaj\u00ed Vildovi buchty, kter\u00e9 n\u00e1m tu ponejv\u00edce p\u0159ipom\u00ednaj\u00ed n\u00e1\u0161 vzd\u00e1len\u00fd domov.<\/p>\n<p>Krom\u011b tohoto j\u00eddla dost\u00e1v\u00e1me tak\u00e9 je\u0161t\u011b \u010dty\u0159i sedmi\u010dky docela slu\u0161n\u00e9ho jihoafrick\u00e9ho \u010derven\u00e9ho v\u00edna a dv\u011b l\u00e1hve whisky. Z po\u010d\u00e1tku jsou tu s n\u00e1mi p\u0159\u00edtomni oba dva d\u016fstojn\u00edci, jak poru\u010d\u00edk Chimoco, tak kapit\u00e1n \u0160aman. S nimi je tu tak\u00e9 kucha\u0159 Riaula, to snad kdybychom cht\u011bli je\u0161t\u011b n\u00e1\u0161up! Ale kdy\u017e po mal\u00e9 chv\u00edli uvid\u00ed, \u017ee ta jejich p\u0159\u00edtomnost je z na\u0161\u00ed strany br\u00e1na sp\u00ed\u0161e s velk\u00fdmi rozpaky a pon\u011bkud n\u00e1m vad\u00ed, tak se v\u0161ichni seberou a odejdou odtud pry\u010d. Za co\u017e jsme jim docela vd\u011b\u010dni. Beztak se nec\u00edt\u00edme nijak zvl\u00e1\u0161\u0165 dob\u0159e a je\u0161t\u011b oni tady do toho!<\/p>\n<p>Po j\u00eddle jsme si tu je\u0161t\u011b malou chv\u00edli spole\u010dn\u011b posed\u011bli, p\u0159ipili jsme si spolu na V\u00e1noce, na n\u00e1\u0161 p\u0159edpokl\u00e1dan\u00fd brzk\u00fd n\u00e1vrat dom\u016f. Poru\u010d\u00edk n\u00e1m po sv\u00e9m odchodu nechal kupodivu je\u0161t\u011b p\u0159in\u00e9st kaze\u0165\u00e1k s bateriemi a k tomu i p\u00e1r kazet, kter\u00e9 n\u00e1m sem poslali lid\u00e9 z Polytechny. Poslouch\u00e1me tedy malou chv\u00edli p\u00e1r v\u00e1no\u010dn\u00edch koled od Gotta. Na\u0161e celkov\u00e1 n\u00e1lada je ale p\u0159esto st\u00e1le dosti \u0161patn\u00e1, je na bodu mrazu. Ka\u017ed\u00fd z n\u00e1s je asi my\u0161lenkou n\u011bkde tam u n\u00e1s doma, odtud skoro osm tis\u00edc kilometr\u016f daleko. Nen\u00ed si skoro co \u0159\u00edci, ani se mezi n\u00e1mi nevtipkuje, tak jak by to bylo jindy obvykl\u00e9. Jsou sp\u00ed\u0161e mezi n\u00e1mi c\u00edtit velk\u00e9 rozpaky, ne\u017e cokoli jin\u00e9ho. Jdeme proto v\u0161ichni brzy sp\u00e1t, chceme to rad\u011bji honem zaspat.<\/p>\n<p>B\u011b\u017en\u00e9 ned\u011bln\u00ed volno n\u00e1m na opl\u00e1tku za toto dne\u0161n\u00ed ti kuj\u00f3ni operativn\u011b zru\u0161ili. To n\u00e1m bohu\u017eel sta\u010dili sd\u011blit je\u0161t\u011b v sobotu ve\u010der, ne\u017e n\u00e1s b\u011bhem ve\u010de\u0159e opustili, \u010d\u00edm\u017e n\u00e1s dorazili \u00fapln\u011b. My jsme toti\u017e bl\u00e1hov\u011b doufali, \u017ee n\u00e1m ten \u0160t\u011bdr\u00fd v\u011bnuj\u00ed jako d\u00e1rek a v ned\u011bli bude pro n\u00e1s dal\u0161\u00ed volno. Tak\u017ee to byl pro n\u00e1s ten posledn\u00ed p\u0159\u00edslove\u010dn\u00fd h\u0159eb\u00ed\u010dek do rakve.<\/p>\n<figure id=\"attachment_1458\" aria-describedby=\"caption-attachment-1458\" style=\"width: 1908px\" class=\"wp-caption alignnone\"><a href=\"https:\/\/www.unesenivangole.socializmus.sk\/wp-content\/uploads\/2024\/03\/obrazok_2024-03-15_233822889.png\"><img decoding=\"async\" class=\"size-full wp-image-1458\" src=\"https:\/\/www.unesenivangole.socializmus.sk\/wp-content\/uploads\/2024\/03\/obrazok_2024-03-15_233822889.png\" alt=\"\" width=\"1908\" height=\"1272\" srcset=\"https:\/\/www.unesenivangole.socializmus.sk\/wp-content\/uploads\/2024\/03\/obrazok_2024-03-15_233822889.png 1908w, https:\/\/www.unesenivangole.socializmus.sk\/wp-content\/uploads\/2024\/03\/obrazok_2024-03-15_233822889-300x200.png 300w, https:\/\/www.unesenivangole.socializmus.sk\/wp-content\/uploads\/2024\/03\/obrazok_2024-03-15_233822889-1024x683.png 1024w, https:\/\/www.unesenivangole.socializmus.sk\/wp-content\/uploads\/2024\/03\/obrazok_2024-03-15_233822889-768x512.png 768w, https:\/\/www.unesenivangole.socializmus.sk\/wp-content\/uploads\/2024\/03\/obrazok_2024-03-15_233822889-1536x1024.png 1536w, https:\/\/www.unesenivangole.socializmus.sk\/wp-content\/uploads\/2024\/03\/obrazok_2024-03-15_233822889-18x12.png 18w\" sizes=\"(max-width: 1908px) 100vw, 1908px\" \/><\/a><figcaption id=\"caption-attachment-1458\" class=\"wp-caption-text\">Ke studn\u00edm se chod\u00ed hned po r\u00e1nu, po v\u00fdchodu slunce &#8212; Foto: F. Zlocha<\/figcaption><\/figure>\n<div class=\"f_bs speakable\" data-dot=\"mol-paragraph\">\n<p class=\"e_bs\"><em><span class=\"atm-text-decorator\"><span class=\"e_af\">R. P. 24.\u00a012.\u00a01983 &#8211; FR. NOVIN\u00c1\u0158 O\u00a0SITUACI UNESEN\u00ddCH \u010cS. OB\u010cAN\u016e &#8211; Des\u00e1t\u00fd m\u011bs\u00edc zajet\u00ed<\/span><\/span><\/em><\/p>\n<\/div>\n<div class=\"f_bs speakable\" data-dot=\"mol-paragraph\">\n<p class=\"e_bs\"><em><span class=\"atm-text-decorator\"><span class=\"e_af\">Praha 23.\u00a0prosince Philipe Chatenay, report\u00e9r francouzsk\u00e9ho \u010dasopisu Le Point, se setkal v\u00a0polovin\u011b \u0159\u00edjna na z\u00e1kladn\u011b protivl\u00e1dn\u00ed organizace UNITA s\u00a0dvaceti unesen\u00fdmi \u010ds. ob\u010dany, kte\u0159\u00ed jsou ji\u017e des\u00e1t\u00fd m\u011bs\u00edc zadr\u017eov\u00e1ni touto organizac\u00ed jako rukojm\u00ed. 12.\u00a0b\u0159ezna byli spolu s\u00a0dal\u0161\u00edmi 46\u00a0\u010cechoslov\u00e1ky uneseni z\u00a0angolsk\u00e9ho pr\u016fmyslov\u00e9ho komplexu v\u00a0Alto Catumbela. P\u0159i p\u00e1te\u010dn\u00edm setk\u00e1n\u00ed se zpravodaji Rud\u00e9ho pr\u00e1va a\u00a0\u010cTK v\u00a0Praze uvedl, \u017ee v\u00a0t\u00e9 dob\u011b byli v\u0161ichni unesen\u00ed \u010ds. mu\u017ei v\u00a0dobr\u00e9m fyzick\u00e9m stavu, p\u0159im\u011b\u0159en\u00e9mu obt\u00ed\u017en\u00fdm podm\u00ednk\u00e1m zajet\u00ed.<\/span><\/span><\/em><\/p>\n<\/div>\n<div class=\"f_bs speakable\" data-dot=\"mol-paragraph\">\n<p class=\"e_bs\"><em><span class=\"atm-text-decorator\"><span class=\"e_af\">Z rozhovor\u016f kter\u00e9 m\u011bl francouzsk\u00fd novin\u00e1\u0159 9.\u00a0a\u00a010.\u00a0\u0159\u00edjna s\u00a0na\u0161imi spoluob\u010dany vypl\u00fdv\u00e1, \u017ee \u201etrp\u00ed p\u0159edev\u0161\u00edm n\u00e1sledky dlouh\u00e9ho odlou\u010den\u00ed od domova a\u00a0od sv\u00fdch bl\u00edzk\u00fdch, n\u00e1sledkem izolace jeden od druh\u00e9ho, do n\u00ed\u017e byli vr\u017eeni v\u00a0polovin\u011b srpna sv\u00fdmi \u00fanosci, nedostatkem informac\u00ed a\u00a0zpr\u00e1v z\u00a0domova a\u00a0ze sv\u011bta v\u016fbec. \u00danosci jim rovn\u011b\u017e odm\u00edtaj\u00ed pod\u00e1vat zpr\u00e1vy o\u00a0\u00fasil\u00ed \u010ds. \u00fa\u0159ad\u016f pro jejich osvobozen\u00ed.\u201c<\/span><\/span><\/em><\/p>\n<\/div>\n<div class=\"f_bs speakable\" data-dot=\"mol-paragraph\">\n<p class=\"e_bs\"><em><span class=\"atm-text-decorator\"><span class=\"e_af\">Ph. Chatenay uvedl, \u017ee zajatci \u017eij\u00ed po dvou v\u00a0mal\u00fdch ch\u00fd\u0161\u00edch africk\u00e9ho typu ze d\u0159eva a\u00a0sl\u00e1my. Jejich strava sest\u00e1v\u00e1 p\u0159ev\u00e1\u017en\u011b z\u00a0kuku\u0159i\u010dn\u00e9 ka\u0161e, konzervovan\u00e9ho masa a\u00a0konzervovan\u00e9ho ovoce\u2026 \u2026\u201cst\u011b\u017eovali si na skute\u010dnost, \u017ee od poloviny srpna a\u017e do n\u00e1v\u0161t\u011bvy francouzsk\u00fdch l\u00e9ka\u0159\u016f a\u00a0novin\u00e1\u0159e byli dr\u017eeni v\u00a0izolaci v\u017edy po dvou a\u00a0nesm\u011bli se vz\u00e1jemn\u011b st\u00fdkat\u201c\u2026<\/span><\/span><\/em><\/p>\n<\/div>\n<div class=\"f_bs speakable\" data-dot=\"mol-paragraph\">\n<p class=\"e_bs\"><span class=\"atm-text-decorator\">Navzdory v\u0161emu se za t\u00fdden rok p\u0159eklopil do nov\u00e9ho a\u00a0v\u0161e stresuj\u00edc\u00ed pokra\u010dovalo d\u00e1l. Ofici\u00e1ln\u00ed jedn\u00e1n\u00ed o\u00a0propu\u0161t\u011bn\u00ed ne\u0161\u0165astn\u00e9 dvac\u00edtky je\u0161t\u011b ani neza\u010dala.<\/span><\/p>\n<\/div>\n<div class=\"f_bs speakable\" data-dot=\"mol-paragraph\">\n<p class=\"e_bs\"><span class=\"atm-text-decorator\"><strong><span class=\"e_ae\">Zdroj: SAZE\u010cEK, Lubom\u00edr<\/span>.<\/strong> Zajati v\u00a0Angole &#8211; Rok v\u00a0bu\u0161i. Brno: L. Saze\u010dek, 2009.\u00a0\u00a0a\u00a0<strong><span class=\"e_ae\">SAZE\u010cEK, Lubom\u00edr<\/span><\/strong>. Zajati v\u00a0Angole &#8211; Po 25\u00a0letech. Brno: L. Saze\u010dek, 2010.<\/span><\/p>\n<\/div>","protected":false},"excerpt":{"rendered":"<p>V\u00edce ne\u017e 7000 km daleko pos\u00edl\u00e1me v\u00e1no\u010dn\u00ed pozdravy rodin\u00e1m. N\u011bkte\u0159\u00ed maj\u00ed slzy v o\u010d\u00edch, mnoh\u00fdm z n\u00e1s se t\u0159ese hlas, mnoz\u00ed nev\u011bd\u00ed co maj\u00ed na mikrofon \u0159\u00edkat. Je to toti\u017e dost intimn\u00ed situace, na velk\u00e9 pov\u00edd\u00e1n\u00ed. Nejhor\u0161\u00ed V\u00e1noce v \u017eivot\u011b pro dvacet chlap\u016f. Pozdravy budou pr\u00fd vys\u00edl\u00e1ny nave\u010der, na \u0160t\u011bdr\u00fd den, ve ve\u010dern\u00edm vys\u00edl\u00e1n\u00ed lond\u00fdnsk\u00e9 [&hellip;]<\/p>\n","protected":false},"author":2,"featured_media":1456,"comment_status":"open","ping_status":"open","sticky":false,"template":"","format":"standard","meta":{"footnotes":""},"categories":[3],"tags":[],"class_list":["post-1454","post","type-post","status-publish","format-standard","has-post-thumbnail","hentry","category-rok-v-zajati-unity-spomienky-priameho-ucastnika"],"yoast_head":"<!-- This site is optimized with the Yoast SEO plugin v27.5 - https:\/\/yoast.com\/product\/yoast-seo-wordpress\/ -->\n<title>Po \u010dty\u0159m\u011bs\u00ed\u010dn\u00edm v\u011bzn\u011bn\u00ed v bu\u0161i sv\u011b\u0159ovat pozdrav dom\u016f na mikrofon je pro n\u011bkoho z\u00e1hul! | Najv\u00e4\u010d\u0161\u00ed \u00fanos \u010cechoslov\u00e1kov \u2013 Angola 1983<\/title>\n<meta name=\"robots\" content=\"index, follow, max-snippet:-1, max-image-preview:large, max-video-preview:-1\" \/>\n<link rel=\"canonical\" href=\"https:\/\/www.unesenivangole.socializmus.sk\/en\/po-ctyrmesicnim-vezneni-v-busi-sverovat-pozdrav-domu-na-mikrofon-je-pro-nekoho-zahul\/\" \/>\n<meta property=\"og:locale\" content=\"en_GB\" \/>\n<meta property=\"og:type\" content=\"article\" \/>\n<meta property=\"og:title\" content=\"Po \u010dty\u0159m\u011bs\u00ed\u010dn\u00edm v\u011bzn\u011bn\u00ed v bu\u0161i sv\u011b\u0159ovat pozdrav dom\u016f na mikrofon je pro n\u011bkoho z\u00e1hul! | Najv\u00e4\u010d\u0161\u00ed \u00fanos \u010cechoslov\u00e1kov \u2013 Angola 1983\" \/>\n<meta property=\"og:description\" content=\"V\u00edce ne\u017e 7000 km daleko pos\u00edl\u00e1me v\u00e1no\u010dn\u00ed pozdravy rodin\u00e1m. N\u011bkte\u0159\u00ed maj\u00ed slzy v o\u010d\u00edch, mnoh\u00fdm z n\u00e1s se t\u0159ese hlas, mnoz\u00ed nev\u011bd\u00ed co maj\u00ed na mikrofon \u0159\u00edkat. Je to toti\u017e dost intimn\u00ed situace, na velk\u00e9 pov\u00edd\u00e1n\u00ed. Nejhor\u0161\u00ed V\u00e1noce v \u017eivot\u011b pro dvacet chlap\u016f. Pozdravy budou pr\u00fd vys\u00edl\u00e1ny nave\u010der, na \u0160t\u011bdr\u00fd den, ve ve\u010dern\u00edm vys\u00edl\u00e1n\u00ed lond\u00fdnsk\u00e9 [&hellip;]\" \/>\n<meta property=\"og:url\" content=\"https:\/\/www.unesenivangole.socializmus.sk\/en\/po-ctyrmesicnim-vezneni-v-busi-sverovat-pozdrav-domu-na-mikrofon-je-pro-nekoho-zahul\/\" \/>\n<meta property=\"og:site_name\" content=\"Najv\u00e4\u010d\u0161\u00ed \u00fanos \u010cechoslov\u00e1kov \u2013 Angola 1983\" \/>\n<meta property=\"article:published_time\" content=\"2023-08-26T21:36:15+00:00\" \/>\n<meta property=\"article:modified_time\" content=\"2024-03-15T22:39:29+00:00\" \/>\n<meta property=\"og:image\" content=\"https:\/\/www.unesenivangole.socializmus.sk\/wp-content\/uploads\/2024\/03\/obrazok_2024-03-15_233648379.png\" \/>\n\t<meta property=\"og:image:width\" content=\"1792\" \/>\n\t<meta property=\"og:image:height\" content=\"1145\" \/>\n\t<meta property=\"og:image:type\" content=\"image\/png\" \/>\n<meta name=\"author\" content=\"Lubom\u00edr Saze\u010dek\" \/>\n<meta name=\"twitter:card\" content=\"summary_large_image\" \/>\n<meta name=\"twitter:label1\" content=\"Written by\" \/>\n\t<meta name=\"twitter:data1\" content=\"Lubom\u00edr Saze\u010dek\" \/>\n\t<meta name=\"twitter:label2\" content=\"Estimated reading time\" \/>\n\t<meta name=\"twitter:data2\" content=\"12 minutes\" \/>\n<script type=\"application\/ld+json\" class=\"yoast-schema-graph\">{\"@context\":\"https:\\\/\\\/schema.org\",\"@graph\":[{\"@type\":\"Article\",\"@id\":\"https:\\\/\\\/www.unesenivangole.socializmus.sk\\\/po-ctyrmesicnim-vezneni-v-busi-sverovat-pozdrav-domu-na-mikrofon-je-pro-nekoho-zahul\\\/#article\",\"isPartOf\":{\"@id\":\"https:\\\/\\\/www.unesenivangole.socializmus.sk\\\/po-ctyrmesicnim-vezneni-v-busi-sverovat-pozdrav-domu-na-mikrofon-je-pro-nekoho-zahul\\\/\"},\"author\":{\"name\":\"Lubom\u00edr Saze\u010dek\",\"@id\":\"https:\\\/\\\/www.unesenivangole.socializmus.sk\\\/#\\\/schema\\\/person\\\/fa822d48a6f2e73c5a46264cfb4c668c\"},\"headline\":\"Po \u010dty\u0159m\u011bs\u00ed\u010dn\u00edm v\u011bzn\u011bn\u00ed v bu\u0161i sv\u011b\u0159ovat pozdrav dom\u016f na mikrofon je pro n\u011bkoho z\u00e1hul!\",\"datePublished\":\"2023-08-26T21:36:15+00:00\",\"dateModified\":\"2024-03-15T22:39:29+00:00\",\"mainEntityOfPage\":{\"@id\":\"https:\\\/\\\/www.unesenivangole.socializmus.sk\\\/po-ctyrmesicnim-vezneni-v-busi-sverovat-pozdrav-domu-na-mikrofon-je-pro-nekoho-zahul\\\/\"},\"wordCount\":2732,\"commentCount\":0,\"image\":{\"@id\":\"https:\\\/\\\/www.unesenivangole.socializmus.sk\\\/po-ctyrmesicnim-vezneni-v-busi-sverovat-pozdrav-domu-na-mikrofon-je-pro-nekoho-zahul\\\/#primaryimage\"},\"thumbnailUrl\":\"https:\\\/\\\/www.unesenivangole.socializmus.sk\\\/wp-content\\\/uploads\\\/2024\\\/03\\\/obrazok_2024-03-15_233648379.png\",\"articleSection\":[\"Rok v zajat\u00ed UNITY - spomienky priameho \u00fa\u010dastn\u00edka\"],\"inLanguage\":\"en-GB\",\"potentialAction\":[{\"@type\":\"CommentAction\",\"name\":\"Comment\",\"target\":[\"https:\\\/\\\/www.unesenivangole.socializmus.sk\\\/po-ctyrmesicnim-vezneni-v-busi-sverovat-pozdrav-domu-na-mikrofon-je-pro-nekoho-zahul\\\/#respond\"]}]},{\"@type\":\"WebPage\",\"@id\":\"https:\\\/\\\/www.unesenivangole.socializmus.sk\\\/po-ctyrmesicnim-vezneni-v-busi-sverovat-pozdrav-domu-na-mikrofon-je-pro-nekoho-zahul\\\/\",\"url\":\"https:\\\/\\\/www.unesenivangole.socializmus.sk\\\/po-ctyrmesicnim-vezneni-v-busi-sverovat-pozdrav-domu-na-mikrofon-je-pro-nekoho-zahul\\\/\",\"name\":\"Po \u010dty\u0159m\u011bs\u00ed\u010dn\u00edm v\u011bzn\u011bn\u00ed v bu\u0161i sv\u011b\u0159ovat pozdrav dom\u016f na mikrofon je pro n\u011bkoho z\u00e1hul! | Najv\u00e4\u010d\u0161\u00ed \u00fanos \u010cechoslov\u00e1kov \u2013 Angola 1983\",\"isPartOf\":{\"@id\":\"https:\\\/\\\/www.unesenivangole.socializmus.sk\\\/#website\"},\"primaryImageOfPage\":{\"@id\":\"https:\\\/\\\/www.unesenivangole.socializmus.sk\\\/po-ctyrmesicnim-vezneni-v-busi-sverovat-pozdrav-domu-na-mikrofon-je-pro-nekoho-zahul\\\/#primaryimage\"},\"image\":{\"@id\":\"https:\\\/\\\/www.unesenivangole.socializmus.sk\\\/po-ctyrmesicnim-vezneni-v-busi-sverovat-pozdrav-domu-na-mikrofon-je-pro-nekoho-zahul\\\/#primaryimage\"},\"thumbnailUrl\":\"https:\\\/\\\/www.unesenivangole.socializmus.sk\\\/wp-content\\\/uploads\\\/2024\\\/03\\\/obrazok_2024-03-15_233648379.png\",\"datePublished\":\"2023-08-26T21:36:15+00:00\",\"dateModified\":\"2024-03-15T22:39:29+00:00\",\"author\":{\"@id\":\"https:\\\/\\\/www.unesenivangole.socializmus.sk\\\/#\\\/schema\\\/person\\\/fa822d48a6f2e73c5a46264cfb4c668c\"},\"breadcrumb\":{\"@id\":\"https:\\\/\\\/www.unesenivangole.socializmus.sk\\\/po-ctyrmesicnim-vezneni-v-busi-sverovat-pozdrav-domu-na-mikrofon-je-pro-nekoho-zahul\\\/#breadcrumb\"},\"inLanguage\":\"en-GB\",\"potentialAction\":[{\"@type\":\"ReadAction\",\"target\":[\"https:\\\/\\\/www.unesenivangole.socializmus.sk\\\/po-ctyrmesicnim-vezneni-v-busi-sverovat-pozdrav-domu-na-mikrofon-je-pro-nekoho-zahul\\\/\"]}]},{\"@type\":\"ImageObject\",\"inLanguage\":\"en-GB\",\"@id\":\"https:\\\/\\\/www.unesenivangole.socializmus.sk\\\/po-ctyrmesicnim-vezneni-v-busi-sverovat-pozdrav-domu-na-mikrofon-je-pro-nekoho-zahul\\\/#primaryimage\",\"url\":\"https:\\\/\\\/www.unesenivangole.socializmus.sk\\\/wp-content\\\/uploads\\\/2024\\\/03\\\/obrazok_2024-03-15_233648379.png\",\"contentUrl\":\"https:\\\/\\\/www.unesenivangole.socializmus.sk\\\/wp-content\\\/uploads\\\/2024\\\/03\\\/obrazok_2024-03-15_233648379.png\",\"width\":1792,\"height\":1145,\"caption\":\"V dob\u011b V\u00e1noc 1983, p\u0159i n\u00e1v\u0161t\u011bv\u011b novin\u00e1\u0159\u016f z Portugalska a Brit\u00e1nie. \u0158ada mu\u017e\u016f ve shodn\u00fdch ko\u0161il\u00edch jakou m\u011bl ten den na sob\u011b i Kub\u00e1nec Adolfo. -- Foto: RTP Portugal\"},{\"@type\":\"BreadcrumbList\",\"@id\":\"https:\\\/\\\/www.unesenivangole.socializmus.sk\\\/po-ctyrmesicnim-vezneni-v-busi-sverovat-pozdrav-domu-na-mikrofon-je-pro-nekoho-zahul\\\/#breadcrumb\",\"itemListElement\":[{\"@type\":\"ListItem\",\"position\":1,\"name\":\"Domovsk\u00e1 str\u00e1nka\",\"item\":\"https:\\\/\\\/www.unesenivangole.socializmus.sk\\\/\"},{\"@type\":\"ListItem\",\"position\":2,\"name\":\"Po \u010dty\u0159m\u011bs\u00ed\u010dn\u00edm v\u011bzn\u011bn\u00ed v bu\u0161i sv\u011b\u0159ovat pozdrav dom\u016f na mikrofon je pro n\u011bkoho z\u00e1hul!\"}]},{\"@type\":\"WebSite\",\"@id\":\"https:\\\/\\\/www.unesenivangole.socializmus.sk\\\/#website\",\"url\":\"https:\\\/\\\/www.unesenivangole.socializmus.sk\\\/\",\"name\":\"Najv\u00e4\u010d\u0161\u00ed \u00fanos \u010cechoslov\u00e1kov \u2013 Angola 1983\",\"description\":\"Socializmus.sk\",\"alternateName\":\"Socializmus.sk\",\"potentialAction\":[{\"@type\":\"SearchAction\",\"target\":{\"@type\":\"EntryPoint\",\"urlTemplate\":\"https:\\\/\\\/www.unesenivangole.socializmus.sk\\\/?s={search_term_string}\"},\"query-input\":{\"@type\":\"PropertyValueSpecification\",\"valueRequired\":true,\"valueName\":\"search_term_string\"}}],\"inLanguage\":\"en-GB\"},{\"@type\":\"Person\",\"@id\":\"https:\\\/\\\/www.unesenivangole.socializmus.sk\\\/#\\\/schema\\\/person\\\/fa822d48a6f2e73c5a46264cfb4c668c\",\"name\":\"Lubom\u00edr Saze\u010dek\",\"image\":{\"@type\":\"ImageObject\",\"inLanguage\":\"en-GB\",\"@id\":\"https:\\\/\\\/secure.gravatar.com\\\/avatar\\\/6c8bb2922f477d510bca3fecf22662b394c16e3defe376715c4c4ff6a231b390?s=96&d=mm&r=g\",\"url\":\"https:\\\/\\\/secure.gravatar.com\\\/avatar\\\/6c8bb2922f477d510bca3fecf22662b394c16e3defe376715c4c4ff6a231b390?s=96&d=mm&r=g\",\"contentUrl\":\"https:\\\/\\\/secure.gravatar.com\\\/avatar\\\/6c8bb2922f477d510bca3fecf22662b394c16e3defe376715c4c4ff6a231b390?s=96&d=mm&r=g\",\"caption\":\"Lubom\u00edr Saze\u010dek\"},\"sameAs\":[\"https:\\\/\\\/www.unesenivangole.socializmus.sk\\\/\"],\"url\":\"https:\\\/\\\/www.unesenivangole.socializmus.sk\\\/en\\\/author\\\/sazecek\\\/\"}]}<\/script>\n<!-- \/ Yoast SEO plugin. -->","yoast_head_json":{"title":"Po \u010dty\u0159m\u011bs\u00ed\u010dn\u00edm v\u011bzn\u011bn\u00ed v bu\u0161i sv\u011b\u0159ovat pozdrav dom\u016f na mikrofon je pro n\u011bkoho z\u00e1hul! | Najv\u00e4\u010d\u0161\u00ed \u00fanos \u010cechoslov\u00e1kov \u2013 Angola 1983","robots":{"index":"index","follow":"follow","max-snippet":"max-snippet:-1","max-image-preview":"max-image-preview:large","max-video-preview":"max-video-preview:-1"},"canonical":"https:\/\/www.unesenivangole.socializmus.sk\/en\/po-ctyrmesicnim-vezneni-v-busi-sverovat-pozdrav-domu-na-mikrofon-je-pro-nekoho-zahul\/","og_locale":"en_GB","og_type":"article","og_title":"Po \u010dty\u0159m\u011bs\u00ed\u010dn\u00edm v\u011bzn\u011bn\u00ed v bu\u0161i sv\u011b\u0159ovat pozdrav dom\u016f na mikrofon je pro n\u011bkoho z\u00e1hul! | Najv\u00e4\u010d\u0161\u00ed \u00fanos \u010cechoslov\u00e1kov \u2013 Angola 1983","og_description":"V\u00edce ne\u017e 7000 km daleko pos\u00edl\u00e1me v\u00e1no\u010dn\u00ed pozdravy rodin\u00e1m. N\u011bkte\u0159\u00ed maj\u00ed slzy v o\u010d\u00edch, mnoh\u00fdm z n\u00e1s se t\u0159ese hlas, mnoz\u00ed nev\u011bd\u00ed co maj\u00ed na mikrofon \u0159\u00edkat. Je to toti\u017e dost intimn\u00ed situace, na velk\u00e9 pov\u00edd\u00e1n\u00ed. Nejhor\u0161\u00ed V\u00e1noce v \u017eivot\u011b pro dvacet chlap\u016f. Pozdravy budou pr\u00fd vys\u00edl\u00e1ny nave\u010der, na \u0160t\u011bdr\u00fd den, ve ve\u010dern\u00edm vys\u00edl\u00e1n\u00ed lond\u00fdnsk\u00e9 [&hellip;]","og_url":"https:\/\/www.unesenivangole.socializmus.sk\/en\/po-ctyrmesicnim-vezneni-v-busi-sverovat-pozdrav-domu-na-mikrofon-je-pro-nekoho-zahul\/","og_site_name":"Najv\u00e4\u010d\u0161\u00ed \u00fanos \u010cechoslov\u00e1kov \u2013 Angola 1983","article_published_time":"2023-08-26T21:36:15+00:00","article_modified_time":"2024-03-15T22:39:29+00:00","og_image":[{"width":1792,"height":1145,"url":"https:\/\/www.unesenivangole.socializmus.sk\/wp-content\/uploads\/2024\/03\/obrazok_2024-03-15_233648379.png","type":"image\/png"}],"author":"Lubom\u00edr Saze\u010dek","twitter_card":"summary_large_image","twitter_misc":{"Written by":"Lubom\u00edr Saze\u010dek","Estimated reading time":"12 minutes"},"schema":{"@context":"https:\/\/schema.org","@graph":[{"@type":"Article","@id":"https:\/\/www.unesenivangole.socializmus.sk\/po-ctyrmesicnim-vezneni-v-busi-sverovat-pozdrav-domu-na-mikrofon-je-pro-nekoho-zahul\/#article","isPartOf":{"@id":"https:\/\/www.unesenivangole.socializmus.sk\/po-ctyrmesicnim-vezneni-v-busi-sverovat-pozdrav-domu-na-mikrofon-je-pro-nekoho-zahul\/"},"author":{"name":"Lubom\u00edr Saze\u010dek","@id":"https:\/\/www.unesenivangole.socializmus.sk\/#\/schema\/person\/fa822d48a6f2e73c5a46264cfb4c668c"},"headline":"Po \u010dty\u0159m\u011bs\u00ed\u010dn\u00edm v\u011bzn\u011bn\u00ed v bu\u0161i sv\u011b\u0159ovat pozdrav dom\u016f na mikrofon je pro n\u011bkoho z\u00e1hul!","datePublished":"2023-08-26T21:36:15+00:00","dateModified":"2024-03-15T22:39:29+00:00","mainEntityOfPage":{"@id":"https:\/\/www.unesenivangole.socializmus.sk\/po-ctyrmesicnim-vezneni-v-busi-sverovat-pozdrav-domu-na-mikrofon-je-pro-nekoho-zahul\/"},"wordCount":2732,"commentCount":0,"image":{"@id":"https:\/\/www.unesenivangole.socializmus.sk\/po-ctyrmesicnim-vezneni-v-busi-sverovat-pozdrav-domu-na-mikrofon-je-pro-nekoho-zahul\/#primaryimage"},"thumbnailUrl":"https:\/\/www.unesenivangole.socializmus.sk\/wp-content\/uploads\/2024\/03\/obrazok_2024-03-15_233648379.png","articleSection":["Rok v zajat\u00ed UNITY - spomienky priameho \u00fa\u010dastn\u00edka"],"inLanguage":"en-GB","potentialAction":[{"@type":"CommentAction","name":"Comment","target":["https:\/\/www.unesenivangole.socializmus.sk\/po-ctyrmesicnim-vezneni-v-busi-sverovat-pozdrav-domu-na-mikrofon-je-pro-nekoho-zahul\/#respond"]}]},{"@type":"WebPage","@id":"https:\/\/www.unesenivangole.socializmus.sk\/po-ctyrmesicnim-vezneni-v-busi-sverovat-pozdrav-domu-na-mikrofon-je-pro-nekoho-zahul\/","url":"https:\/\/www.unesenivangole.socializmus.sk\/po-ctyrmesicnim-vezneni-v-busi-sverovat-pozdrav-domu-na-mikrofon-je-pro-nekoho-zahul\/","name":"Po \u010dty\u0159m\u011bs\u00ed\u010dn\u00edm v\u011bzn\u011bn\u00ed v bu\u0161i sv\u011b\u0159ovat pozdrav dom\u016f na mikrofon je pro n\u011bkoho z\u00e1hul! | Najv\u00e4\u010d\u0161\u00ed \u00fanos \u010cechoslov\u00e1kov \u2013 Angola 1983","isPartOf":{"@id":"https:\/\/www.unesenivangole.socializmus.sk\/#website"},"primaryImageOfPage":{"@id":"https:\/\/www.unesenivangole.socializmus.sk\/po-ctyrmesicnim-vezneni-v-busi-sverovat-pozdrav-domu-na-mikrofon-je-pro-nekoho-zahul\/#primaryimage"},"image":{"@id":"https:\/\/www.unesenivangole.socializmus.sk\/po-ctyrmesicnim-vezneni-v-busi-sverovat-pozdrav-domu-na-mikrofon-je-pro-nekoho-zahul\/#primaryimage"},"thumbnailUrl":"https:\/\/www.unesenivangole.socializmus.sk\/wp-content\/uploads\/2024\/03\/obrazok_2024-03-15_233648379.png","datePublished":"2023-08-26T21:36:15+00:00","dateModified":"2024-03-15T22:39:29+00:00","author":{"@id":"https:\/\/www.unesenivangole.socializmus.sk\/#\/schema\/person\/fa822d48a6f2e73c5a46264cfb4c668c"},"breadcrumb":{"@id":"https:\/\/www.unesenivangole.socializmus.sk\/po-ctyrmesicnim-vezneni-v-busi-sverovat-pozdrav-domu-na-mikrofon-je-pro-nekoho-zahul\/#breadcrumb"},"inLanguage":"en-GB","potentialAction":[{"@type":"ReadAction","target":["https:\/\/www.unesenivangole.socializmus.sk\/po-ctyrmesicnim-vezneni-v-busi-sverovat-pozdrav-domu-na-mikrofon-je-pro-nekoho-zahul\/"]}]},{"@type":"ImageObject","inLanguage":"en-GB","@id":"https:\/\/www.unesenivangole.socializmus.sk\/po-ctyrmesicnim-vezneni-v-busi-sverovat-pozdrav-domu-na-mikrofon-je-pro-nekoho-zahul\/#primaryimage","url":"https:\/\/www.unesenivangole.socializmus.sk\/wp-content\/uploads\/2024\/03\/obrazok_2024-03-15_233648379.png","contentUrl":"https:\/\/www.unesenivangole.socializmus.sk\/wp-content\/uploads\/2024\/03\/obrazok_2024-03-15_233648379.png","width":1792,"height":1145,"caption":"V dob\u011b V\u00e1noc 1983, p\u0159i n\u00e1v\u0161t\u011bv\u011b novin\u00e1\u0159\u016f z Portugalska a Brit\u00e1nie. \u0158ada mu\u017e\u016f ve shodn\u00fdch ko\u0161il\u00edch jakou m\u011bl ten den na sob\u011b i Kub\u00e1nec Adolfo. -- Foto: RTP Portugal"},{"@type":"BreadcrumbList","@id":"https:\/\/www.unesenivangole.socializmus.sk\/po-ctyrmesicnim-vezneni-v-busi-sverovat-pozdrav-domu-na-mikrofon-je-pro-nekoho-zahul\/#breadcrumb","itemListElement":[{"@type":"ListItem","position":1,"name":"Domovsk\u00e1 str\u00e1nka","item":"https:\/\/www.unesenivangole.socializmus.sk\/"},{"@type":"ListItem","position":2,"name":"Po \u010dty\u0159m\u011bs\u00ed\u010dn\u00edm v\u011bzn\u011bn\u00ed v bu\u0161i sv\u011b\u0159ovat pozdrav dom\u016f na mikrofon je pro n\u011bkoho z\u00e1hul!"}]},{"@type":"WebSite","@id":"https:\/\/www.unesenivangole.socializmus.sk\/#website","url":"https:\/\/www.unesenivangole.socializmus.sk\/","name":"The biggest kidnapping of Czechoslovaks - Angola 1983","description":"Socializmus.sk","alternateName":"Socializmus.sk","potentialAction":[{"@type":"SearchAction","target":{"@type":"EntryPoint","urlTemplate":"https:\/\/www.unesenivangole.socializmus.sk\/?s={search_term_string}"},"query-input":{"@type":"PropertyValueSpecification","valueRequired":true,"valueName":"search_term_string"}}],"inLanguage":"en-GB"},{"@type":"Person","@id":"https:\/\/www.unesenivangole.socializmus.sk\/#\/schema\/person\/fa822d48a6f2e73c5a46264cfb4c668c","name":"Lubom\u00edr Saze\u010dek","image":{"@type":"ImageObject","inLanguage":"en-GB","@id":"https:\/\/secure.gravatar.com\/avatar\/6c8bb2922f477d510bca3fecf22662b394c16e3defe376715c4c4ff6a231b390?s=96&d=mm&r=g","url":"https:\/\/secure.gravatar.com\/avatar\/6c8bb2922f477d510bca3fecf22662b394c16e3defe376715c4c4ff6a231b390?s=96&d=mm&r=g","contentUrl":"https:\/\/secure.gravatar.com\/avatar\/6c8bb2922f477d510bca3fecf22662b394c16e3defe376715c4c4ff6a231b390?s=96&d=mm&r=g","caption":"Lubom\u00edr Saze\u010dek"},"sameAs":["https:\/\/www.unesenivangole.socializmus.sk\/"],"url":"https:\/\/www.unesenivangole.socializmus.sk\/en\/author\/sazecek\/"}]}},"_links":{"self":[{"href":"https:\/\/www.unesenivangole.socializmus.sk\/en\/wp-json\/wp\/v2\/posts\/1454","targetHints":{"allow":["GET"]}}],"collection":[{"href":"https:\/\/www.unesenivangole.socializmus.sk\/en\/wp-json\/wp\/v2\/posts"}],"about":[{"href":"https:\/\/www.unesenivangole.socializmus.sk\/en\/wp-json\/wp\/v2\/types\/post"}],"author":[{"embeddable":true,"href":"https:\/\/www.unesenivangole.socializmus.sk\/en\/wp-json\/wp\/v2\/users\/2"}],"replies":[{"embeddable":true,"href":"https:\/\/www.unesenivangole.socializmus.sk\/en\/wp-json\/wp\/v2\/comments?post=1454"}],"version-history":[{"count":1,"href":"https:\/\/www.unesenivangole.socializmus.sk\/en\/wp-json\/wp\/v2\/posts\/1454\/revisions"}],"predecessor-version":[{"id":1459,"href":"https:\/\/www.unesenivangole.socializmus.sk\/en\/wp-json\/wp\/v2\/posts\/1454\/revisions\/1459"}],"wp:featuredmedia":[{"embeddable":true,"href":"https:\/\/www.unesenivangole.socializmus.sk\/en\/wp-json\/wp\/v2\/media\/1456"}],"wp:attachment":[{"href":"https:\/\/www.unesenivangole.socializmus.sk\/en\/wp-json\/wp\/v2\/media?parent=1454"}],"wp:term":[{"taxonomy":"category","embeddable":true,"href":"https:\/\/www.unesenivangole.socializmus.sk\/en\/wp-json\/wp\/v2\/categories?post=1454"},{"taxonomy":"post_tag","embeddable":true,"href":"https:\/\/www.unesenivangole.socializmus.sk\/en\/wp-json\/wp\/v2\/tags?post=1454"}],"curies":[{"name":"wp","href":"https:\/\/api.w.org\/{rel}","templated":true}]}}