{"id":429,"date":"2023-08-15T00:42:45","date_gmt":"2023-08-14T22:42:45","guid":{"rendered":"https:\/\/unesenivangole.socializmus.sk\/?p=429"},"modified":"2023-08-15T00:44:26","modified_gmt":"2023-08-14T22:44:26","slug":"tri-cesi-meli-zachranit-pul-zeme-energetici-a-jejich-marny-boj-se-sabotazemi","status":"publish","type":"post","link":"https:\/\/www.unesenivangole.socializmus.sk\/en\/tri-cesi-meli-zachranit-pul-zeme-energetici-a-jejich-marny-boj-se-sabotazemi\/","title":{"rendered":"T\u0159i \u010ce\u0161i m\u011bli zachr\u00e1nit p\u016fl zem\u011b. Energetici a jejich marn\u00fd boj se sabot\u00e1\u017eemi."},"content":{"rendered":"<div class=\"d_jN _6241b6d122e5e742b990b0cc\">\n<p class=\"e_bw d_hC speakable\" data-dot=\"ogm-article-perex\">Ve vzd\u00e1lenosti tak pades\u00e1ti kilometr\u016f od na\u0161\u00ed Alto Catumbela, na \u0159ece, kter\u00e1 prot\u00e9k\u00e1 i na\u0161\u00edm m\u011bstem, le\u017e\u00ed men\u0161\u00ed p\u0159ehrada s vodn\u00ed elektr\u00e1rnou, Lomaum. P\u0159ehrada se t\u0159emi gener\u00e1tory a s maxim\u00e1ln\u00edm v\u00fdkonem t\u0159icet p\u011bt megawatt,<\/p>\n<\/div>\n<div class=\"d_jN _6241b6de22e5e742b990b0cd\">\n<div class=\"d_f\" data-e2e=\"ogm-article-layout\">\n<article class=\"d_hX\" role=\"article\" aria-labelledby=\"accessibility-article\">\n<div class=\"d_eQ\" data-dot=\"ogm-article-content\">\n<div class=\"f_eR mol-rich-content--for-article\">\n<div class=\"f_bw speakable\" data-dot=\"mol-paragraph\">\n<p class=\"e_bw\"><span class=\"atm-text-decorator\">Ve vzd\u00e1lenosti pades\u00e1ti kilometr\u016f od na\u0161\u00ed Alto Catumbela, na \u0159ece, kter\u00e1 prot\u00e9k\u00e1 i\u00a0na\u0161\u00edm m\u011bstem, le\u017e\u00ed men\u0161\u00ed p\u0159ehrada s\u00a0vodn\u00ed elektr\u00e1rnou Lomaum. P\u0159ehrada se t\u0159emi gener\u00e1tory a\u00a0s maxim\u00e1ln\u00edm v\u00fdkonem t\u0159icet p\u011bt megawatt, uveden\u00e1 do provozu v\u00a0roce 1965.\u00a0Na na\u0161e dom\u00e1c\u00ed pom\u011bry by byla sice mal\u00e1, ale tady v\u00a0m\u00edstn\u00edch o\u00a0mnoho m\u00e9n\u011b n\u00e1ro\u010dn\u00fdch podm\u00ednk\u00e1ch je vlastn\u011b v\u00edce ne\u017e v\u00fdznamn\u00e1.<\/span><\/p>\n<\/div>\n<div class=\"f_bw speakable\" data-dot=\"mol-paragraph\">\n<p class=\"e_bw\"><span class=\"atm-text-decorator\">Ve v\u011bt\u0161in\u011b venkovsk\u00fdch angolsk\u00fdch dom\u00e1cnost\u00ed je spot\u0159eba elektrick\u00e9 energie prakticky nulov\u00e1, to zejm\u00e9na na vzd\u00e1len\u011bj\u0161\u00edm venkov\u011b. Av\u0161ak stejn\u011b tak jako v\u0161ude jinde ve sv\u011bt\u011b, pr\u016fmyslov\u00e9 podniky n\u011bjakou elektrickou energii pot\u0159ebuj\u00ed. Krom\u011b t\u00e9to p\u0159ehrady v\u00a0provincii funguje jedna je\u0161t\u011b men\u0161\u00ed p\u0159ehrada a\u00a0vedle n\u00ed termika o\u00a0celkov\u00e9m v\u00fdkonu necel\u00fdch patn\u00e1ct megawatt. Ty jsou postaveny v\u00a0Bio-Pio, mal\u00e9 osad\u011b dvacet p\u011bt kilometr\u016f severov\u00fdchodn\u011b od Benguely. To jsou hlavn\u00ed objekty energetick\u00e9ho syst\u00e9mu ENE-Angola st\u0159ed, ve kter\u00fd jsou mezi sebou vz\u00e1jemn\u011b propojeny.<\/span><\/p>\n<\/div>\n<div class=\"f_bw speakable\" data-dot=\"mol-paragraph\">\n<p class=\"e_bw\"><span class=\"atm-text-decorator\">Krom\u011b t\u011bch p\u00e1r na\u0161ich lid\u00ed, zde na ENE v\u017edy tak\u00e9 pracovalo i\u00a0n\u011bkolik jin\u00fdch b\u011bloch\u016f. Byl to v\u011bt\u0161inou jeden Portugalec, kter\u00fd tu v\u011bt\u0161inou byl zcela s\u00e1m. Jednou zde krat\u0161\u00ed dobu v\u00fdjime\u010dn\u011b p\u016fsobil i\u00a0dal\u0161\u00ed Portugalec, kter\u00fd na Rua Cubana po celou tu dobu \u017eil se svou \u010dty\u0159\u010dlennou rodinou. Kapitolou samou o\u00a0sob\u011b v\u0161ak byl Rogerio, b\u00edl\u00fd Angolan narozen\u00fd v\u00a0sousedn\u00edm Zaire. Ten zde \u017eil tak\u00e9 s\u00a0celou svou rodinou, bydleli na s\u00eddli\u0161ti Bairro 2, u\u00a0star\u00e9ho P\u00f4sto M\u00e9dico. S\u00a0t\u00edm Rogeriem, \u010di v\u0161ak sp\u00ed\u0161e s\u00a0jeho \u017eenou Carlou, se spojovaly \u010detn\u00e9 a\u00a0velmi divok\u00e9 v\u00fdstupy v\u00a0na\u0161\u00ed \u010dtvrti. Nunu to spolu Titem vy\u0159e\u0161ili tak, \u017ee rodinku p\u0159est\u011bhovali na Bio-Pio a\u00a0byl klid.<\/span><\/p>\n<\/div>\n<div class=\"f_eS\" data-dot=\"mol-self-promo\">\n<div class=\"f_g1 lqnmnsrqkqlnrlmooop f_cr\"><\/div>\n<\/div>\n<div class=\"f_bw speakable\" data-dot=\"mol-paragraph\">\n<p class=\"e_bw\"><span class=\"atm-text-decorator\">Na\u0161i pracovn\u00edci z\u00a0ENE m\u011bli v\u017edy proti n\u00e1m celul\u00f3za\u0159\u016fm jednu velkou a\u00a0opravdu v\u00fdznamnou v\u00fdhodu, kterou bylo hlavn\u011b to, \u017ee m\u011bli voln\u011bj\u0161\u00ed pohyb po nej\u0161ir\u0161\u00edm okol\u00ed. Pro n\u011bkoho by se to sice jako a\u017e tak velk\u00e1 v\u00fdhoda nejevilo, byli tu toti\u017e mezi n\u00e1mi n\u011bkte\u0159\u00ed tac\u00ed, kte\u0159\u00ed se hodn\u011b b\u00e1li min a\u00a0jin\u00fdch nebezpe\u010d\u00ed v\u00a0podob\u011b jedovat\u00fdch had\u016f \u010di divok\u00e9 zv\u011b\u0159e. Oni energetici ale zase nebyli tak v\u00e1z\u00e1ni na Alto Catumbela, tak jako my z\u00a0tov\u00e1rny, anebo t\u0159eba zdravotn\u00edci. Velmi \u010dasto jezdili odtud pracovn\u011b do okresn\u00edho m\u011bsta Ganda, nebo do Cubalu, ale tak\u00e9 do bl\u00edzk\u00e9ho \u010di vzd\u00e1len\u011bj\u0161\u00edho okol\u00ed sm\u011brem k\u00a0provincii Huambo, kter\u00e1 trp\u011bla permanentn\u011b nedostatkem elektrick\u00e9 energie.<\/span><\/p>\n<\/div>\n<div class=\"f_bw speakable\" data-dot=\"mol-paragraph\">\n<p class=\"e_bw\"><span class=\"atm-text-decorator\">V pond\u011bl\u00ed sedmn\u00e1ct\u00e9ho ledna devaten\u00e1ct set osmdes\u00e1t t\u0159i, brzy po r\u00e1nu, do\u0161lo k\u00a0situaci, kter\u00e1 m\u011bla m\u00edt ve sv\u00e9 podstat\u011b rozhoduj\u00edc\u00ed vliv na n\u00e1\u0161 dal\u0161\u00ed pobyt. Toho lednov\u00e9ho r\u00e1na jedna vojensk\u00e1 jednotka UNITA, pr\u00fd o\u00a0s\u00edle asi tak \u0161esti set voj\u00e1k\u016f, operuj\u00edc\u00ed v\u00a0na\u0161\u00ed provincii Benguela, p\u0159epadla p\u0159ehradu Lomaum. Velmi v\u00e1\u017en\u011b po\u0161kodila p\u0159\u00edvodn\u00ed potrub\u00ed na p\u0159ehradn\u00ed turb\u00edny, respektive jejich hydraulick\u00e9 uzav\u00edrac\u00ed ventily. D\u00e1le m\u011bly b\u00fdt p\u0159itom zni\u010deny v\u0161echny t\u0159i gener\u00e1tory a\u00a0transform\u00e1tory nach\u00e1zej\u00edc\u00ed se dole pod p\u0159ehradou. Co v\u0161ak snad bylo ze v\u0161eho nejhor\u0161\u00ed, bylo to, \u017ee b\u011bhem p\u0159epadu voj\u00e1ci zajali v\u0161echny p\u0159\u00edtomn\u00e9 pracovn\u00edky elektr\u00e1rny a\u00a0odvlekli je odtamtud n\u011bkam pry\u010d, do hlubok\u00e9ho angolsk\u00e9ho vnitrozem\u00ed.<\/span><\/p>\n<\/div>\n<div class=\"f_bw speakable\" data-dot=\"mol-paragraph\">\n<p class=\"e_bw\"><span class=\"atm-text-decorator\">Pracoval tam mimo jin\u00fdch jako vedouc\u00ed i\u00a0otec Tita z\u00a0m\u00edstn\u00edho ENE. Bydleli tam s\u00a0jeho matkou po n\u011bkolik p\u0159edchoz\u00edch let. Oba dva byli tehdy rovn\u011b\u017e odvle\u010deni. P\u0159itom pr\u00fd Titova matka, podle n\u011bjak\u00fdch pozd\u011bj\u0161\u00edch nepotvrzen\u00fdch zpr\u00e1v, m\u011bla cestou na jih Angoly dokonce zem\u0159\u00edt. \u0158ada z\u00a0t\u011bch Angolan\u016f, jak z\u00a0obsluhy pracuj\u00edc\u00edch na p\u0159ehrad\u011b, tak i\u00a0z nepo\u010detn\u00fdch obyvatel \u017eij\u00edc\u00edch v\u00a0mal\u00e9 osad\u011b dole pod p\u0159ehradou, m\u011bla b\u00fdt p\u0159i tom \u00fatoku zabita. P\u0159esn\u011bj\u0161\u00ed informace se u\u017e k\u00a0n\u00e1m nedostaly, snad to bylo i\u00a0proto, abychom snad z\u00a0toho nebyli p\u0159\u00edli\u0161 vyd\u011b\u0161en\u00ed. Nebo je prost\u011b m\u00edstn\u00ed org\u00e1ny nem\u011bly.<\/span><\/p>\n<\/div>\n<div class=\"f_bw speakable\" data-dot=\"mol-paragraph\">\n<p class=\"e_bw\"><span class=\"atm-text-decorator\">Od m\u011bste\u010dka Cubal vzd\u00e1len\u00e9ho od Lomaum necel\u00fdch \u0161edes\u00e1t kilometr\u016f, z\u00a0m\u00edstn\u00ed nejbli\u017e\u0161\u00ed vojensk\u00e9 pos\u00e1dky proti voj\u00e1k\u016fm UNITA ten den dopoledne vyrazila jednotka vl\u00e1dn\u00ed FAPLA. Jej\u00ed skv\u011bl\u00fd postup vz\u00e1p\u011bt\u00ed skon\u010dil trapn\u00fdm fiaskem, a\u00a0to po prvn\u00ed kr\u00e1tk\u00e9 a\u00a0intenz\u00edvn\u00ed p\u0159est\u0159elce s\u00a0voj\u00e1ky UNITA nedaleko Lomaum, kdy pr\u00fd padl velitel t\u00e9to jednotky. Ostatn\u00ed voj\u00e1ci to vzali honem rychle zp\u00e1tky do kas\u00e1ren. Toto tak\u00e9 zcela jasn\u011b vypov\u00edd\u00e1 o\u00a0\u00farovni a\u00a0hlavn\u011b o\u00a0kvalit\u011b bojovn\u00edk\u016f vl\u00e1dn\u00edch vojsk. Spolehnut\u00ed na n\u011b bylo, zd\u00e1 se, velmi mal\u00e9. Dal\u0161\u00ed ot\u00e1zkou je, co v\u0161e z\u00a0toho byla pravda a\u00a0jak\u00fd pr\u016fb\u011bh ud\u00e1losti opravdu m\u011bly. Oni m\u00edstn\u00ed dobr\u00e1ci lhali \u010dasto i\u00a0sami sob\u011b a\u00a0m\u011bli sklony k\u00a0fabulov\u00e1n\u00ed.<\/span><\/p>\n<figure id=\"attachment_432\" aria-describedby=\"caption-attachment-432\" style=\"width: 722px\" class=\"wp-caption alignnone\"><a href=\"https:\/\/www.unesenivangole.socializmus.sk\/wp-content\/uploads\/2023\/08\/obrazok_2023-08-15_004125462.png\"><img fetchpriority=\"high\" decoding=\"async\" class=\"size-full wp-image-432\" src=\"https:\/\/www.unesenivangole.socializmus.sk\/wp-content\/uploads\/2023\/08\/obrazok_2023-08-15_004125462.png\" alt=\"\" width=\"722\" height=\"458\" srcset=\"https:\/\/www.unesenivangole.socializmus.sk\/wp-content\/uploads\/2023\/08\/obrazok_2023-08-15_004125462.png 722w, https:\/\/www.unesenivangole.socializmus.sk\/wp-content\/uploads\/2023\/08\/obrazok_2023-08-15_004125462-300x190.png 300w\" sizes=\"(max-width: 722px) 100vw, 722px\" \/><\/a><figcaption id=\"caption-attachment-432\" class=\"wp-caption-text\">Kolega Jano odj\u00ed\u017ed\u00ed s rodinou dom\u016f<\/figcaption><\/figure>\n<div class=\"f_bw speakable\" data-dot=\"mol-paragraph\">\n<p class=\"e_bw\"><span class=\"atm-text-decorator\">Pro n\u00e1s v\u00a0tov\u00e1rn\u011b, koneckonc\u016f i\u00a0na s\u00eddli\u0161ti, m\u00e1 tato nep\u0159\u00edjemn\u00e1 ud\u00e1lost v\u00a0ka\u017ed\u00e9m p\u0159\u00edpad\u011b, dalekos\u00e1hl\u00e9 a\u00a0fat\u00e1ln\u00ed n\u00e1sledky. Jsme jako ji\u017e n\u011bkolikr\u00e1t p\u0159edt\u00edm bez elektrick\u00e9ho proudu. Co\u017e by snad ani nebyl tak velk\u00fd probl\u00e9m, kdyby to bylo stejn\u011b jako p\u0159edt\u00edm, jen kr\u00e1tkodob\u00e9 p\u0159eru\u0161en\u00ed dod\u00e1vky. Nyn\u00ed v\u0161ak jde o\u00a0to, \u017ee je definitivn\u011b vy\u0159azena tov\u00e1rna CCPA z\u00a0provozu a\u00a0t\u00edm je cel\u00fd n\u00e1\u0161 pobyt zpochybn\u011bn. Bez st\u00e1l\u00e9 dod\u00e1vky elektrick\u00e9 energie nem\u011bla na\u0161e tov\u00e1rna n\u00e1rok fungovat ani minutu. P\u0159itom jen samotn\u00fd provoz elektrol\u00fdzy byl ten nejv\u011bt\u0161\u00ed konzument elektrick\u00e9 energie. Bez jej\u00edho provozu v\u0161ak nebylo v\u016fbec mo\u017en\u00e9 dopl\u0148ovat louh sodn\u00fd do varn\u00e9ho okruhu, ani plynn\u00fd chlor pro b\u011bl\u00edrnu. Byl to dokonale za\u010darovan\u00fd kruh, ze kter\u00e9ho nebylo \u00faniku. A\u00a0ony prvn\u00ed zpr\u00e1vy z\u00a0Lomaum n\u011bjakou velkou \u0161anci na znovuobnoven\u00ed provozu ned\u00e1valy. To v\u0161e nasv\u011bd\u010dovalo tomu, \u017ee se sbal\u00edme a\u00a0poval\u00edme dom\u016f, n\u011bkte\u0159\u00ed sice neradi, ale co se d\u00e1 d\u011blat.<\/span><\/p>\n<\/div>\n<div class=\"f_bw speakable\" data-dot=\"mol-paragraph\">\n<p class=\"e_bw\"><span class=\"atm-text-decorator\">Nav\u00edc sem na s\u00eddli\u0161t\u011b musel b\u00fdt nasazen, a\u00a0nyn\u00ed ji\u017e trvale, jeden rezervn\u00ed zdroj elektrick\u00e9 energie. Jinak by bylo po mo\u017enosti uchov\u00e1vat si v\u00a0lednic\u00edch n\u011bkter\u00e9 na\u0161e potraviny. A\u00a0d\u00e1le bychom se tak\u00e9 mohli rozlou\u010dit s\u00a0osv\u011btlen\u00edm v\u00a0na\u0161ich domech. Z\u00a0tov\u00e1rny n\u00e1m sem proto Nuno dodal modern\u011bj\u0161\u00ed dieselagreg\u00e1t Yanmar-50\u00a0japonsk\u00e9 provenience, kter\u00fd byl op\u011bt o\u00a0v\u00fdkonu pades\u00e1ti kilowatt, m\u011bl ale mnohem modern\u011bj\u0161\u00ed tyristorovou regulaci. Nebyl t\u00edm p\u00e1dem tak choulostiv\u00fd na okam\u017eit\u00e9 p\u0159et\u00ed\u017een\u00ed oproti tomu star\u0161\u00edmu, kter\u00fd tu b\u00fdval pou\u017e\u00edv\u00e1n p\u0159i on\u011bch minul\u00fdch v\u00fdpadc\u00edch proudu. To ale nemohlo b\u00fdt pro n\u00e1s n\u011bjak\u00fdm trval\u00fdm \u0159e\u0161en\u00edm. Hlavn\u011b to nijak ne\u0159e\u0161ilo stav v\u00a0tov\u00e1rn\u011b. P\u0159esto byl ale mezi n\u00e1mi relativn\u00ed klid, nikoho to nebralo. Konec na\u0161eho pobytu se nevyhnuteln\u011b bl\u00ed\u017eil. Netu\u0161ili jsme ov\u0161em, jak\u00fdm zp\u016fsobem prob\u011bhne a\u00a0kdy to bude!<\/span><\/p>\n<\/div>\n<div class=\"f_bw speakable\" data-dot=\"mol-paragraph\">\n<p class=\"e_bw\"><span class=\"atm-text-decorator\">p\u0159edch\u00e1z.<\/span><\/p>\n<blockquote class=\"wp-embedded-content\" data-secret=\"JWD3YiN7gG\"><p><a href=\"https:\/\/www.unesenivangole.socializmus.sk\/en\/vzpominky-na-zivot-v-alto-catumbela\/\">Vzpom\u00ednky na \u017eivot v Alto Catumbela<\/a><\/p><\/blockquote>\n<p><iframe class=\"wp-embedded-content\" sandbox=\"allow-scripts\" security=\"restricted\" style=\"position: absolute; clip: rect(1px, 1px, 1px, 1px);\" title=\"&#8220;Vzpom\u00ednky na \u017eivot v Alto Catumbela&#8221; &#8212; Najv\u00e4\u010d\u0161\u00ed \u00fanos \u010cechoslov\u00e1kov \u2013 Angola 1983\" src=\"https:\/\/www.unesenivangole.socializmus.sk\/vzpominky-na-zivot-v-alto-catumbela\/embed\/#?secret=snvQdk9wFL#?secret=JWD3YiN7gG\" data-secret=\"JWD3YiN7gG\" width=\"600\" height=\"338\" frameborder=\"0\" marginwidth=\"0\" marginheight=\"0\" scrolling=\"no\"><\/iframe><\/p>\n<p>n\u00e1sl.<\/p>\n<blockquote class=\"wp-embedded-content\" data-secret=\"MOEPrK4bum\"><p><a href=\"https:\/\/www.unesenivangole.socializmus.sk\/en\/jak-to-bylo-s-kubanci-pracujicimi-v-angolske-alto-catumbela\/\">Jak to bylo s Kub\u00e1nci pracuj\u00edc\u00edmi v angolsk\u00e9 Alto Catumbela<\/a><\/p><\/blockquote>\n<p><iframe class=\"wp-embedded-content\" sandbox=\"allow-scripts\" security=\"restricted\" style=\"position: absolute; clip: rect(1px, 1px, 1px, 1px);\" title=\"&#8220;Jak to bylo s Kub\u00e1nci pracuj\u00edc\u00edmi v angolsk\u00e9 Alto Catumbela&#8221; &#8212; Najv\u00e4\u010d\u0161\u00ed \u00fanos \u010cechoslov\u00e1kov \u2013 Angola 1983\" src=\"https:\/\/www.unesenivangole.socializmus.sk\/jak-to-bylo-s-kubanci-pracujicimi-v-angolske-alto-catumbela\/embed\/#?secret=4Ji93IJ09L#?secret=MOEPrK4bum\" data-secret=\"MOEPrK4bum\" width=\"600\" height=\"338\" frameborder=\"0\" marginwidth=\"0\" marginheight=\"0\" scrolling=\"no\"><\/iframe><\/p>\n<p>&nbsp;<\/p>\n<p>Zdroj:\u00a0<span class=\"e_am\">SAZE\u010cEK, Lubom\u00edr<\/span>. Zajati v\u00a0Angole &#8211; Ne\u017e p\u0159i\u0161la UNITA. Brno: L. Saze\u010dek, 2009.<\/p>\n<\/div>\n<\/div>\n<\/div>\n<\/div>\n<\/article>\n<\/div>\n<\/div>","protected":false},"excerpt":{"rendered":"<p>Ve vzd\u00e1lenosti tak pades\u00e1ti kilometr\u016f od na\u0161\u00ed Alto Catumbela, na \u0159ece, kter\u00e1 prot\u00e9k\u00e1 i na\u0161\u00edm m\u011bstem, le\u017e\u00ed men\u0161\u00ed p\u0159ehrada s vodn\u00ed elektr\u00e1rnou, Lomaum. P\u0159ehrada se t\u0159emi gener\u00e1tory a s maxim\u00e1ln\u00edm v\u00fdkonem t\u0159icet p\u011bt megawatt, Ve vzd\u00e1lenosti pades\u00e1ti kilometr\u016f od na\u0161\u00ed Alto Catumbela, na \u0159ece, kter\u00e1 prot\u00e9k\u00e1 i\u00a0na\u0161\u00edm m\u011bstem, le\u017e\u00ed men\u0161\u00ed p\u0159ehrada s\u00a0vodn\u00ed elektr\u00e1rnou Lomaum. P\u0159ehrada [&hellip;]<\/p>\n","protected":false},"author":2,"featured_media":431,"comment_status":"open","ping_status":"open","sticky":false,"template":"","format":"standard","meta":{"footnotes":""},"categories":[3],"tags":[],"class_list":["post-429","post","type-post","status-publish","format-standard","has-post-thumbnail","hentry","category-rok-v-zajati-unity-spomienky-priameho-ucastnika"],"yoast_head":"<!-- This site is optimized with the Yoast SEO plugin v27.5 - https:\/\/yoast.com\/product\/yoast-seo-wordpress\/ -->\n<title>T\u0159i \u010ce\u0161i m\u011bli zachr\u00e1nit p\u016fl zem\u011b. Energetici a jejich marn\u00fd boj se sabot\u00e1\u017eemi. | Najv\u00e4\u010d\u0161\u00ed \u00fanos \u010cechoslov\u00e1kov \u2013 Angola 1983<\/title>\n<meta name=\"robots\" content=\"index, follow, max-snippet:-1, max-image-preview:large, max-video-preview:-1\" \/>\n<link rel=\"canonical\" href=\"https:\/\/www.unesenivangole.socializmus.sk\/en\/tri-cesi-meli-zachranit-pul-zeme-energetici-a-jejich-marny-boj-se-sabotazemi\/\" \/>\n<meta property=\"og:locale\" content=\"en_GB\" \/>\n<meta property=\"og:type\" content=\"article\" \/>\n<meta property=\"og:title\" content=\"T\u0159i \u010ce\u0161i m\u011bli zachr\u00e1nit p\u016fl zem\u011b. Energetici a jejich marn\u00fd boj se sabot\u00e1\u017eemi. | Najv\u00e4\u010d\u0161\u00ed \u00fanos \u010cechoslov\u00e1kov \u2013 Angola 1983\" \/>\n<meta property=\"og:description\" content=\"Ve vzd\u00e1lenosti tak pades\u00e1ti kilometr\u016f od na\u0161\u00ed Alto Catumbela, na \u0159ece, kter\u00e1 prot\u00e9k\u00e1 i na\u0161\u00edm m\u011bstem, le\u017e\u00ed men\u0161\u00ed p\u0159ehrada s vodn\u00ed elektr\u00e1rnou, Lomaum. P\u0159ehrada se t\u0159emi gener\u00e1tory a s maxim\u00e1ln\u00edm v\u00fdkonem t\u0159icet p\u011bt megawatt, Ve vzd\u00e1lenosti pades\u00e1ti kilometr\u016f od na\u0161\u00ed Alto Catumbela, na \u0159ece, kter\u00e1 prot\u00e9k\u00e1 i\u00a0na\u0161\u00edm m\u011bstem, le\u017e\u00ed men\u0161\u00ed p\u0159ehrada s\u00a0vodn\u00ed elektr\u00e1rnou Lomaum. P\u0159ehrada [&hellip;]\" \/>\n<meta property=\"og:url\" content=\"https:\/\/www.unesenivangole.socializmus.sk\/en\/tri-cesi-meli-zachranit-pul-zeme-energetici-a-jejich-marny-boj-se-sabotazemi\/\" \/>\n<meta property=\"og:site_name\" content=\"Najv\u00e4\u010d\u0161\u00ed \u00fanos \u010cechoslov\u00e1kov \u2013 Angola 1983\" \/>\n<meta property=\"article:published_time\" content=\"2023-08-14T22:42:45+00:00\" \/>\n<meta property=\"article:modified_time\" content=\"2023-08-14T22:44:26+00:00\" \/>\n<meta property=\"og:image\" content=\"https:\/\/www.unesenivangole.socializmus.sk\/wp-content\/uploads\/2023\/08\/obrazok_2023-08-15_004052574.png\" \/>\n\t<meta property=\"og:image:width\" content=\"722\" \/>\n\t<meta property=\"og:image:height\" content=\"406\" \/>\n\t<meta property=\"og:image:type\" content=\"image\/png\" \/>\n<meta name=\"author\" content=\"Lubom\u00edr Saze\u010dek\" \/>\n<meta name=\"twitter:card\" content=\"summary_large_image\" \/>\n<meta name=\"twitter:label1\" content=\"Written by\" \/>\n\t<meta name=\"twitter:data1\" content=\"Lubom\u00edr Saze\u010dek\" \/>\n\t<meta name=\"twitter:label2\" content=\"Estimated reading time\" \/>\n\t<meta name=\"twitter:data2\" content=\"6 minutes\" \/>\n<script type=\"application\/ld+json\" class=\"yoast-schema-graph\">{\"@context\":\"https:\\\/\\\/schema.org\",\"@graph\":[{\"@type\":\"Article\",\"@id\":\"https:\\\/\\\/www.unesenivangole.socializmus.sk\\\/tri-cesi-meli-zachranit-pul-zeme-energetici-a-jejich-marny-boj-se-sabotazemi\\\/#article\",\"isPartOf\":{\"@id\":\"https:\\\/\\\/www.unesenivangole.socializmus.sk\\\/tri-cesi-meli-zachranit-pul-zeme-energetici-a-jejich-marny-boj-se-sabotazemi\\\/\"},\"author\":{\"name\":\"Lubom\u00edr Saze\u010dek\",\"@id\":\"https:\\\/\\\/www.unesenivangole.socializmus.sk\\\/#\\\/schema\\\/person\\\/fa822d48a6f2e73c5a46264cfb4c668c\"},\"headline\":\"T\u0159i \u010ce\u0161i m\u011bli zachr\u00e1nit p\u016fl zem\u011b. Energetici a jejich marn\u00fd boj se sabot\u00e1\u017eemi.\",\"datePublished\":\"2023-08-14T22:42:45+00:00\",\"dateModified\":\"2023-08-14T22:44:26+00:00\",\"mainEntityOfPage\":{\"@id\":\"https:\\\/\\\/www.unesenivangole.socializmus.sk\\\/tri-cesi-meli-zachranit-pul-zeme-energetici-a-jejich-marny-boj-se-sabotazemi\\\/\"},\"wordCount\":1419,\"commentCount\":0,\"image\":{\"@id\":\"https:\\\/\\\/www.unesenivangole.socializmus.sk\\\/tri-cesi-meli-zachranit-pul-zeme-energetici-a-jejich-marny-boj-se-sabotazemi\\\/#primaryimage\"},\"thumbnailUrl\":\"https:\\\/\\\/www.unesenivangole.socializmus.sk\\\/wp-content\\\/uploads\\\/2023\\\/08\\\/obrazok_2023-08-15_004052574.png\",\"articleSection\":[\"Rok v zajat\u00ed UNITY - spomienky priameho \u00fa\u010dastn\u00edka\"],\"inLanguage\":\"en-GB\",\"potentialAction\":[{\"@type\":\"CommentAction\",\"name\":\"Comment\",\"target\":[\"https:\\\/\\\/www.unesenivangole.socializmus.sk\\\/tri-cesi-meli-zachranit-pul-zeme-energetici-a-jejich-marny-boj-se-sabotazemi\\\/#respond\"]}]},{\"@type\":\"WebPage\",\"@id\":\"https:\\\/\\\/www.unesenivangole.socializmus.sk\\\/tri-cesi-meli-zachranit-pul-zeme-energetici-a-jejich-marny-boj-se-sabotazemi\\\/\",\"url\":\"https:\\\/\\\/www.unesenivangole.socializmus.sk\\\/tri-cesi-meli-zachranit-pul-zeme-energetici-a-jejich-marny-boj-se-sabotazemi\\\/\",\"name\":\"T\u0159i \u010ce\u0161i m\u011bli zachr\u00e1nit p\u016fl zem\u011b. Energetici a jejich marn\u00fd boj se sabot\u00e1\u017eemi. | Najv\u00e4\u010d\u0161\u00ed \u00fanos \u010cechoslov\u00e1kov \u2013 Angola 1983\",\"isPartOf\":{\"@id\":\"https:\\\/\\\/www.unesenivangole.socializmus.sk\\\/#website\"},\"primaryImageOfPage\":{\"@id\":\"https:\\\/\\\/www.unesenivangole.socializmus.sk\\\/tri-cesi-meli-zachranit-pul-zeme-energetici-a-jejich-marny-boj-se-sabotazemi\\\/#primaryimage\"},\"image\":{\"@id\":\"https:\\\/\\\/www.unesenivangole.socializmus.sk\\\/tri-cesi-meli-zachranit-pul-zeme-energetici-a-jejich-marny-boj-se-sabotazemi\\\/#primaryimage\"},\"thumbnailUrl\":\"https:\\\/\\\/www.unesenivangole.socializmus.sk\\\/wp-content\\\/uploads\\\/2023\\\/08\\\/obrazok_2023-08-15_004052574.png\",\"datePublished\":\"2023-08-14T22:42:45+00:00\",\"dateModified\":\"2023-08-14T22:44:26+00:00\",\"author\":{\"@id\":\"https:\\\/\\\/www.unesenivangole.socializmus.sk\\\/#\\\/schema\\\/person\\\/fa822d48a6f2e73c5a46264cfb4c668c\"},\"breadcrumb\":{\"@id\":\"https:\\\/\\\/www.unesenivangole.socializmus.sk\\\/tri-cesi-meli-zachranit-pul-zeme-energetici-a-jejich-marny-boj-se-sabotazemi\\\/#breadcrumb\"},\"inLanguage\":\"en-GB\",\"potentialAction\":[{\"@type\":\"ReadAction\",\"target\":[\"https:\\\/\\\/www.unesenivangole.socializmus.sk\\\/tri-cesi-meli-zachranit-pul-zeme-energetici-a-jejich-marny-boj-se-sabotazemi\\\/\"]}]},{\"@type\":\"ImageObject\",\"inLanguage\":\"en-GB\",\"@id\":\"https:\\\/\\\/www.unesenivangole.socializmus.sk\\\/tri-cesi-meli-zachranit-pul-zeme-energetici-a-jejich-marny-boj-se-sabotazemi\\\/#primaryimage\",\"url\":\"https:\\\/\\\/www.unesenivangole.socializmus.sk\\\/wp-content\\\/uploads\\\/2023\\\/08\\\/obrazok_2023-08-15_004052574.png\",\"contentUrl\":\"https:\\\/\\\/www.unesenivangole.socializmus.sk\\\/wp-content\\\/uploads\\\/2023\\\/08\\\/obrazok_2023-08-15_004052574.png\",\"width\":722,\"height\":406,\"caption\":\"Rozvodna ENE v roce 2009, tot\u00e1ln\u011b vykraden\u00e1. Z\u016fstaly jen ty izol\u00e1tory\"},{\"@type\":\"BreadcrumbList\",\"@id\":\"https:\\\/\\\/www.unesenivangole.socializmus.sk\\\/tri-cesi-meli-zachranit-pul-zeme-energetici-a-jejich-marny-boj-se-sabotazemi\\\/#breadcrumb\",\"itemListElement\":[{\"@type\":\"ListItem\",\"position\":1,\"name\":\"Domovsk\u00e1 str\u00e1nka\",\"item\":\"https:\\\/\\\/www.unesenivangole.socializmus.sk\\\/\"},{\"@type\":\"ListItem\",\"position\":2,\"name\":\"T\u0159i \u010ce\u0161i m\u011bli zachr\u00e1nit p\u016fl zem\u011b. Energetici a jejich marn\u00fd boj se sabot\u00e1\u017eemi.\"}]},{\"@type\":\"WebSite\",\"@id\":\"https:\\\/\\\/www.unesenivangole.socializmus.sk\\\/#website\",\"url\":\"https:\\\/\\\/www.unesenivangole.socializmus.sk\\\/\",\"name\":\"Najv\u00e4\u010d\u0161\u00ed \u00fanos \u010cechoslov\u00e1kov \u2013 Angola 1983\",\"description\":\"Socializmus.sk\",\"alternateName\":\"Socializmus.sk\",\"potentialAction\":[{\"@type\":\"SearchAction\",\"target\":{\"@type\":\"EntryPoint\",\"urlTemplate\":\"https:\\\/\\\/www.unesenivangole.socializmus.sk\\\/?s={search_term_string}\"},\"query-input\":{\"@type\":\"PropertyValueSpecification\",\"valueRequired\":true,\"valueName\":\"search_term_string\"}}],\"inLanguage\":\"en-GB\"},{\"@type\":\"Person\",\"@id\":\"https:\\\/\\\/www.unesenivangole.socializmus.sk\\\/#\\\/schema\\\/person\\\/fa822d48a6f2e73c5a46264cfb4c668c\",\"name\":\"Lubom\u00edr Saze\u010dek\",\"image\":{\"@type\":\"ImageObject\",\"inLanguage\":\"en-GB\",\"@id\":\"https:\\\/\\\/secure.gravatar.com\\\/avatar\\\/6c8bb2922f477d510bca3fecf22662b394c16e3defe376715c4c4ff6a231b390?s=96&d=mm&r=g\",\"url\":\"https:\\\/\\\/secure.gravatar.com\\\/avatar\\\/6c8bb2922f477d510bca3fecf22662b394c16e3defe376715c4c4ff6a231b390?s=96&d=mm&r=g\",\"contentUrl\":\"https:\\\/\\\/secure.gravatar.com\\\/avatar\\\/6c8bb2922f477d510bca3fecf22662b394c16e3defe376715c4c4ff6a231b390?s=96&d=mm&r=g\",\"caption\":\"Lubom\u00edr Saze\u010dek\"},\"sameAs\":[\"https:\\\/\\\/www.unesenivangole.socializmus.sk\\\/\"],\"url\":\"https:\\\/\\\/www.unesenivangole.socializmus.sk\\\/en\\\/author\\\/sazecek\\\/\"}]}<\/script>\n<!-- \/ Yoast SEO plugin. -->","yoast_head_json":{"title":"T\u0159i \u010ce\u0161i m\u011bli zachr\u00e1nit p\u016fl zem\u011b. Energetici a jejich marn\u00fd boj se sabot\u00e1\u017eemi. | Najv\u00e4\u010d\u0161\u00ed \u00fanos \u010cechoslov\u00e1kov \u2013 Angola 1983","robots":{"index":"index","follow":"follow","max-snippet":"max-snippet:-1","max-image-preview":"max-image-preview:large","max-video-preview":"max-video-preview:-1"},"canonical":"https:\/\/www.unesenivangole.socializmus.sk\/en\/tri-cesi-meli-zachranit-pul-zeme-energetici-a-jejich-marny-boj-se-sabotazemi\/","og_locale":"en_GB","og_type":"article","og_title":"T\u0159i \u010ce\u0161i m\u011bli zachr\u00e1nit p\u016fl zem\u011b. Energetici a jejich marn\u00fd boj se sabot\u00e1\u017eemi. | Najv\u00e4\u010d\u0161\u00ed \u00fanos \u010cechoslov\u00e1kov \u2013 Angola 1983","og_description":"Ve vzd\u00e1lenosti tak pades\u00e1ti kilometr\u016f od na\u0161\u00ed Alto Catumbela, na \u0159ece, kter\u00e1 prot\u00e9k\u00e1 i na\u0161\u00edm m\u011bstem, le\u017e\u00ed men\u0161\u00ed p\u0159ehrada s vodn\u00ed elektr\u00e1rnou, Lomaum. P\u0159ehrada se t\u0159emi gener\u00e1tory a s maxim\u00e1ln\u00edm v\u00fdkonem t\u0159icet p\u011bt megawatt, Ve vzd\u00e1lenosti pades\u00e1ti kilometr\u016f od na\u0161\u00ed Alto Catumbela, na \u0159ece, kter\u00e1 prot\u00e9k\u00e1 i\u00a0na\u0161\u00edm m\u011bstem, le\u017e\u00ed men\u0161\u00ed p\u0159ehrada s\u00a0vodn\u00ed elektr\u00e1rnou Lomaum. P\u0159ehrada [&hellip;]","og_url":"https:\/\/www.unesenivangole.socializmus.sk\/en\/tri-cesi-meli-zachranit-pul-zeme-energetici-a-jejich-marny-boj-se-sabotazemi\/","og_site_name":"Najv\u00e4\u010d\u0161\u00ed \u00fanos \u010cechoslov\u00e1kov \u2013 Angola 1983","article_published_time":"2023-08-14T22:42:45+00:00","article_modified_time":"2023-08-14T22:44:26+00:00","og_image":[{"width":722,"height":406,"url":"https:\/\/www.unesenivangole.socializmus.sk\/wp-content\/uploads\/2023\/08\/obrazok_2023-08-15_004052574.png","type":"image\/png"}],"author":"Lubom\u00edr Saze\u010dek","twitter_card":"summary_large_image","twitter_misc":{"Written by":"Lubom\u00edr Saze\u010dek","Estimated reading time":"6 minutes"},"schema":{"@context":"https:\/\/schema.org","@graph":[{"@type":"Article","@id":"https:\/\/www.unesenivangole.socializmus.sk\/tri-cesi-meli-zachranit-pul-zeme-energetici-a-jejich-marny-boj-se-sabotazemi\/#article","isPartOf":{"@id":"https:\/\/www.unesenivangole.socializmus.sk\/tri-cesi-meli-zachranit-pul-zeme-energetici-a-jejich-marny-boj-se-sabotazemi\/"},"author":{"name":"Lubom\u00edr Saze\u010dek","@id":"https:\/\/www.unesenivangole.socializmus.sk\/#\/schema\/person\/fa822d48a6f2e73c5a46264cfb4c668c"},"headline":"T\u0159i \u010ce\u0161i m\u011bli zachr\u00e1nit p\u016fl zem\u011b. Energetici a jejich marn\u00fd boj se sabot\u00e1\u017eemi.","datePublished":"2023-08-14T22:42:45+00:00","dateModified":"2023-08-14T22:44:26+00:00","mainEntityOfPage":{"@id":"https:\/\/www.unesenivangole.socializmus.sk\/tri-cesi-meli-zachranit-pul-zeme-energetici-a-jejich-marny-boj-se-sabotazemi\/"},"wordCount":1419,"commentCount":0,"image":{"@id":"https:\/\/www.unesenivangole.socializmus.sk\/tri-cesi-meli-zachranit-pul-zeme-energetici-a-jejich-marny-boj-se-sabotazemi\/#primaryimage"},"thumbnailUrl":"https:\/\/www.unesenivangole.socializmus.sk\/wp-content\/uploads\/2023\/08\/obrazok_2023-08-15_004052574.png","articleSection":["Rok v zajat\u00ed UNITY - spomienky priameho \u00fa\u010dastn\u00edka"],"inLanguage":"en-GB","potentialAction":[{"@type":"CommentAction","name":"Comment","target":["https:\/\/www.unesenivangole.socializmus.sk\/tri-cesi-meli-zachranit-pul-zeme-energetici-a-jejich-marny-boj-se-sabotazemi\/#respond"]}]},{"@type":"WebPage","@id":"https:\/\/www.unesenivangole.socializmus.sk\/tri-cesi-meli-zachranit-pul-zeme-energetici-a-jejich-marny-boj-se-sabotazemi\/","url":"https:\/\/www.unesenivangole.socializmus.sk\/tri-cesi-meli-zachranit-pul-zeme-energetici-a-jejich-marny-boj-se-sabotazemi\/","name":"T\u0159i \u010ce\u0161i m\u011bli zachr\u00e1nit p\u016fl zem\u011b. Energetici a jejich marn\u00fd boj se sabot\u00e1\u017eemi. | Najv\u00e4\u010d\u0161\u00ed \u00fanos \u010cechoslov\u00e1kov \u2013 Angola 1983","isPartOf":{"@id":"https:\/\/www.unesenivangole.socializmus.sk\/#website"},"primaryImageOfPage":{"@id":"https:\/\/www.unesenivangole.socializmus.sk\/tri-cesi-meli-zachranit-pul-zeme-energetici-a-jejich-marny-boj-se-sabotazemi\/#primaryimage"},"image":{"@id":"https:\/\/www.unesenivangole.socializmus.sk\/tri-cesi-meli-zachranit-pul-zeme-energetici-a-jejich-marny-boj-se-sabotazemi\/#primaryimage"},"thumbnailUrl":"https:\/\/www.unesenivangole.socializmus.sk\/wp-content\/uploads\/2023\/08\/obrazok_2023-08-15_004052574.png","datePublished":"2023-08-14T22:42:45+00:00","dateModified":"2023-08-14T22:44:26+00:00","author":{"@id":"https:\/\/www.unesenivangole.socializmus.sk\/#\/schema\/person\/fa822d48a6f2e73c5a46264cfb4c668c"},"breadcrumb":{"@id":"https:\/\/www.unesenivangole.socializmus.sk\/tri-cesi-meli-zachranit-pul-zeme-energetici-a-jejich-marny-boj-se-sabotazemi\/#breadcrumb"},"inLanguage":"en-GB","potentialAction":[{"@type":"ReadAction","target":["https:\/\/www.unesenivangole.socializmus.sk\/tri-cesi-meli-zachranit-pul-zeme-energetici-a-jejich-marny-boj-se-sabotazemi\/"]}]},{"@type":"ImageObject","inLanguage":"en-GB","@id":"https:\/\/www.unesenivangole.socializmus.sk\/tri-cesi-meli-zachranit-pul-zeme-energetici-a-jejich-marny-boj-se-sabotazemi\/#primaryimage","url":"https:\/\/www.unesenivangole.socializmus.sk\/wp-content\/uploads\/2023\/08\/obrazok_2023-08-15_004052574.png","contentUrl":"https:\/\/www.unesenivangole.socializmus.sk\/wp-content\/uploads\/2023\/08\/obrazok_2023-08-15_004052574.png","width":722,"height":406,"caption":"Rozvodna ENE v roce 2009, tot\u00e1ln\u011b vykraden\u00e1. Z\u016fstaly jen ty izol\u00e1tory"},{"@type":"BreadcrumbList","@id":"https:\/\/www.unesenivangole.socializmus.sk\/tri-cesi-meli-zachranit-pul-zeme-energetici-a-jejich-marny-boj-se-sabotazemi\/#breadcrumb","itemListElement":[{"@type":"ListItem","position":1,"name":"Domovsk\u00e1 str\u00e1nka","item":"https:\/\/www.unesenivangole.socializmus.sk\/"},{"@type":"ListItem","position":2,"name":"T\u0159i \u010ce\u0161i m\u011bli zachr\u00e1nit p\u016fl zem\u011b. Energetici a jejich marn\u00fd boj se sabot\u00e1\u017eemi."}]},{"@type":"WebSite","@id":"https:\/\/www.unesenivangole.socializmus.sk\/#website","url":"https:\/\/www.unesenivangole.socializmus.sk\/","name":"The biggest kidnapping of Czechoslovaks - Angola 1983","description":"Socializmus.sk","alternateName":"Socializmus.sk","potentialAction":[{"@type":"SearchAction","target":{"@type":"EntryPoint","urlTemplate":"https:\/\/www.unesenivangole.socializmus.sk\/?s={search_term_string}"},"query-input":{"@type":"PropertyValueSpecification","valueRequired":true,"valueName":"search_term_string"}}],"inLanguage":"en-GB"},{"@type":"Person","@id":"https:\/\/www.unesenivangole.socializmus.sk\/#\/schema\/person\/fa822d48a6f2e73c5a46264cfb4c668c","name":"Lubom\u00edr Saze\u010dek","image":{"@type":"ImageObject","inLanguage":"en-GB","@id":"https:\/\/secure.gravatar.com\/avatar\/6c8bb2922f477d510bca3fecf22662b394c16e3defe376715c4c4ff6a231b390?s=96&d=mm&r=g","url":"https:\/\/secure.gravatar.com\/avatar\/6c8bb2922f477d510bca3fecf22662b394c16e3defe376715c4c4ff6a231b390?s=96&d=mm&r=g","contentUrl":"https:\/\/secure.gravatar.com\/avatar\/6c8bb2922f477d510bca3fecf22662b394c16e3defe376715c4c4ff6a231b390?s=96&d=mm&r=g","caption":"Lubom\u00edr Saze\u010dek"},"sameAs":["https:\/\/www.unesenivangole.socializmus.sk\/"],"url":"https:\/\/www.unesenivangole.socializmus.sk\/en\/author\/sazecek\/"}]}},"_links":{"self":[{"href":"https:\/\/www.unesenivangole.socializmus.sk\/en\/wp-json\/wp\/v2\/posts\/429","targetHints":{"allow":["GET"]}}],"collection":[{"href":"https:\/\/www.unesenivangole.socializmus.sk\/en\/wp-json\/wp\/v2\/posts"}],"about":[{"href":"https:\/\/www.unesenivangole.socializmus.sk\/en\/wp-json\/wp\/v2\/types\/post"}],"author":[{"embeddable":true,"href":"https:\/\/www.unesenivangole.socializmus.sk\/en\/wp-json\/wp\/v2\/users\/2"}],"replies":[{"embeddable":true,"href":"https:\/\/www.unesenivangole.socializmus.sk\/en\/wp-json\/wp\/v2\/comments?post=429"}],"version-history":[{"count":3,"href":"https:\/\/www.unesenivangole.socializmus.sk\/en\/wp-json\/wp\/v2\/posts\/429\/revisions"}],"predecessor-version":[{"id":435,"href":"https:\/\/www.unesenivangole.socializmus.sk\/en\/wp-json\/wp\/v2\/posts\/429\/revisions\/435"}],"wp:featuredmedia":[{"embeddable":true,"href":"https:\/\/www.unesenivangole.socializmus.sk\/en\/wp-json\/wp\/v2\/media\/431"}],"wp:attachment":[{"href":"https:\/\/www.unesenivangole.socializmus.sk\/en\/wp-json\/wp\/v2\/media?parent=429"}],"wp:term":[{"taxonomy":"category","embeddable":true,"href":"https:\/\/www.unesenivangole.socializmus.sk\/en\/wp-json\/wp\/v2\/categories?post=429"},{"taxonomy":"post_tag","embeddable":true,"href":"https:\/\/www.unesenivangole.socializmus.sk\/en\/wp-json\/wp\/v2\/tags?post=429"}],"curies":[{"name":"wp","href":"https:\/\/api.w.org\/{rel}","templated":true}]}}