{"id":415,"date":"2023-08-15T00:34:54","date_gmt":"2023-08-14T22:34:54","guid":{"rendered":"https:\/\/unesenivangole.socializmus.sk\/?p=415"},"modified":"2023-08-15T00:34:54","modified_gmt":"2023-08-14T22:34:54","slug":"vzpominky-na-zivot-v-alto-catumbela","status":"publish","type":"post","link":"https:\/\/www.unesenivangole.socializmus.sk\/pt\/vzpominky-na-zivot-v-alto-catumbela\/","title":{"rendered":"Vzpom\u00ednky na \u017eivot v Alto Catumbela"},"content":{"rendered":"<div class=\"d_jN _6241b6d122e5e742b990b0cc\">\n<p class=\"e_bw d_hC speakable\" data-dot=\"ogm-article-perex\">Jak se \u017eilo \u010ds. expert\u016fm v angolsk\u00e9 Alto Catumbela a co klima? K tropick\u00e9 Africe pon\u011bkud p\u0159ekvapiv\u00e9 informace p\u0159in\u00e1\u0161\u00ed tento text. Klima tam bylo toti\u017e odli\u0161n\u00e9 od na\u0161ich p\u0159edstav. Ale v ka\u017ed\u00e9m p\u0159\u00edpad\u011b pro n\u00e1s p\u0159\u00edjemn\u00e9!<\/p>\n<\/div>\n<div class=\"d_jN _6241b6de22e5e742b990b0cd\">\n<div class=\"d_f\" data-e2e=\"ogm-article-layout\">\n<article class=\"d_hX\" role=\"article\" aria-labelledby=\"accessibility-article\">\n<div class=\"d_eQ\" data-dot=\"ogm-article-content\">\n<div class=\"f_eR mol-rich-content--for-article\">\n<div class=\"f_bw speakable\" data-dot=\"mol-paragraph\">\n<p class=\"e_bw\"><span class=\"atm-text-decorator\">Prvn\u00edch p\u011bt m\u011bs\u00edc\u016f zde m\u00e1m b\u00fdt je\u0161t\u011b s\u00e1m bez sv\u00e9 rodiny, \u010di sp\u00ed\u0161e bydlet s\u00a0n\u011bkter\u00fdmi z\u00a0m\u00fdch koleg\u016f, kte\u0159\u00ed tu jsou sami zrovna tak jako j\u00e1. Tak\u017ee m\u00e1 rodina by m\u011bla po celou tuto dobu je\u0161t\u011b z\u016fstat v\u00a0\u010ceskoslovensku. Zhruba po necel\u00fdch t\u0159ech m\u011bs\u00edc\u00edch si mohl prakticky ka\u017ed\u00fd expert podat ofici\u00e1ln\u00ed \u017e\u00e1dost o\u00a0p\u0159\u00edjezd rodiny. A\u00a0ty dal\u0161\u00ed zb\u00fdvaj\u00edc\u00ed m\u011bs\u00edce do smluvn\u00edch dvou let (anebo podle smlouvy i\u00a0jednoho roku), tu potom budu tr\u00e1vit v\u010detn\u011b jedn\u00e9 p\u011btit\u00fddenn\u00ed dovolen\u00e9 doma i\u00a0s celou svou rodinou. To ale v\u017edy podl\u00e9h\u00e1 souhlasu, a\u00a0to nejen v\u00a0na\u0161\u00ed PZO Polytechna, k\u00a0tomu mimoto je\u0161t\u011b vedouc\u00edho na\u0161\u00ed skupiny, ale v\u017edy i\u00a0\u0159editele tov\u00e1rny Nuno Borgu\u00eas da Silva. Ten m\u011bl ve v\u0161ech d\u016fle\u017eit\u00fdch ot\u00e1zk\u00e1ch hlavn\u00ed a\u00a0posledn\u00ed slovo.<\/span><\/p>\n<\/div>\n<div class=\"f_bw speakable\" data-dot=\"mol-paragraph\">\n<p class=\"e_bw\"><span class=\"atm-text-decorator\">N\u00e1\u0161 d\u016fm m\u00e1 celkem \u010dty\u0159i mal\u00e9 lo\u017enice od 12\u00a0do 18\u00a0m<span class=\"e_ap\">2<\/span>, tak\u017ee jedna z\u00a0nich z\u016fst\u00e1v\u00e1 je\u0161t\u011b voln\u00e1. \u010cty\u0159i lid\u00e9 by tu ov\u0161em ji\u017e byli hodn\u011b nat\u011bsno. Byly ov\u0161em p\u0159\u00edpady, kdy chlapi bydleli po \u010dty\u0159ech a\u00a0nijak si nest\u011b\u017eovali! J\u00e1, jak u\u017e jsem se jednou zm\u00ednil, jako posledn\u00ed p\u0159\u00edchoz\u00ed, ob\u00fdv\u00e1m jednu z\u00a0t\u011bch dvou m\u00edstnost\u00ed situovan\u00fdch v\u00a0zahradn\u00edm traktu. A\u00a0kdy\u017e potom Tonda odjel dom\u016f, p\u0159est\u011bhoval jsem se do pokoje po n\u011bm. Byl o\u00a0n\u011bco men\u0161\u00ed ne\u017e ten m\u016fj, je ale l\u00e9pe za\u0159\u00edzen\u00fd a\u00a0pro m\u011b pohodln\u011bj\u0161\u00ed.<\/span><\/p>\n<\/div>\n<div class=\"f_bw speakable\" data-dot=\"mol-paragraph\">\n<p class=\"e_bw\"><span class=\"atm-text-decorator\">Obytn\u00e1 a\u00a0vlastn\u011b hlavn\u00ed hala v\u00a0dom\u011b b\u00fdv\u00e1 vybaven\u00e1 standardn\u00ed trojd\u00edlnou sedac\u00ed soupravou dopln\u011bnou n\u00edzk\u00fdm stolkem a\u00a0d\u00e1le j\u00eddeln\u00edm stolem a\u00a0\u017eidlemi. Podlaha, stejn\u011b jako ve v\u0161ech lo\u017enic\u00edch, byla z\u00a0potahovan\u00e9ho betonu. Bylo docela zaj\u00edmav\u00e9, \u017ee tu vlastn\u011b nebyl \u017e\u00e1dn\u00fd zvl\u00e1\u0161tn\u00ed hmyz. Maxim\u00e1ln\u011b se v\u00a0kuchyni, na s\u00edti zabudovan\u00e9 v\u00a0okn\u011b, motala jedna kudlanka a\u00a0v hale nesly\u0161n\u011b b\u011bhali po st\u011bn\u00e1ch dva gekoni. Ti tu vlastn\u011b zaji\u0161\u0165ovali vyb\u00edjen\u00ed ve\u0161ker\u00e9ho hmyzu, pokud se sem v\u016fbec n\u011bjak\u00fd dostal. Nejv\u00edce ze v\u0161eho n\u00e1s tady tr\u00e1pili mravenci a\u00a0\u0161v\u00e1bi. S\u00a0t\u011bmi se v\u011bt\u0161inou nedalo po\u0159\u00e1dn\u011b pohnout, dostali se toti\u017e v\u0161ude. A\u00a0to jsme m\u011bli k\u00a0dispozici docela \u00fa\u010dinn\u00fd sprej zna\u010dky Shelltox. N\u011bkdy mi ov\u0161em p\u0159i\u0161lo, \u017ee n\u00e1\u0161 Biolit byl lep\u0161\u00ed.<\/span><\/p>\n<\/div>\n<div class=\"f_eS\" data-dot=\"mol-self-promo\">\n<div class=\"f_g1 lqnmnsrqkqlnrlmooop f_cr\"><\/div>\n<\/div>\n<div class=\"f_bw speakable\" data-dot=\"mol-paragraph\">\n<p class=\"e_bw\"><span class=\"atm-text-decorator\">A\u017e vzadu v\u00a0chodb\u011b vedouc\u00ed z\u00a0haly k\u00a0lo\u017enic\u00edm jsou naproti koupeln\u011b dv\u011b velik\u00e9 vestav\u011bn\u00e9 sk\u0159\u00edn\u011b a\u00a0jeden sk\u0159\u00ed\u0148ov\u00fd pr\u00e1deln\u00edk. V\u00a0ka\u017ed\u00e9m z\u00a0na\u0161ich pokoj\u016f je minim\u00e1ln\u011b jedna klasick\u00e1 sk\u0159\u00ed\u0148, \u0161irok\u00e1 postel a\u00a0n\u011bjak\u00fd ten pr\u00e1deln\u00edk. Dal\u0161\u00ed n\u00e1bytek tu nijak zvl\u00e1\u0161\u0165 nepot\u0159ebujeme, sp\u00ed\u0161e tu nikomu nechyb\u00ed. Na ten jednoduch\u00fd \u00fa\u010del, kter\u00fd to m\u00e1 n\u00e1s plnit, je v\u0161eho a\u017e dost. V\u0161echno lo\u017en\u00ed pr\u00e1dlo, ale i\u00a0osu\u0161ky a\u00a0ru\u010dn\u00edky, n\u00e1m pravideln\u011b vym\u011b\u0148uj\u00ed za \u010dist\u00e9 v\u00a0tov\u00e1rn\u00ed pr\u00e1deln\u011b dole v\u00a0na\u0161\u00ed ulici, podle konkr\u00e9tn\u00ed pot\u0159eby, minim\u00e1ln\u011b si tam chod\u00edv\u00e1me jednu t\u00fddn\u011b. V\u00a0na\u0161em konkr\u00e9tn\u00edm p\u0159\u00edpad\u011b je to v\u00a0\u00fater\u00fd ve\u010der po p\u0159\u00edjezdu z\u00a0pr\u00e1ce, n\u011bkdy i\u00a0v\u00fdjime\u010dn\u011b, tak je tam slu\u017eba denn\u011b i\u00a0v poledne.<\/span><\/p>\n<\/div>\n<div class=\"f_bw speakable\" data-dot=\"mol-paragraph\">\n<p class=\"e_bw\"><span class=\"atm-text-decorator\">U dve\u0159\u00ed do lo\u017enic ve zm\u00edn\u011bn\u00e9m zahradn\u00edm traktu, je mal\u00fd kout opat\u0159en\u00fd umyvadlem, co\u017e je zde jist\u011b praktick\u00e9. Ona ta mal\u00e1 koupelni\u010dka je spole\u010dn\u00e1 se z\u00e1chodem, a\u00a0tak se n\u00e1m zejm\u00e9na hned po r\u00e1nu hod\u00ed i\u00a0dal\u0161\u00ed m\u00edsto na rann\u00ed hygienu. Zm\u00edn\u011bn\u00e1 koupelna je jenom dvakr\u00e1t t\u0159i metry velk\u00e1 a\u00a0je v\u00a0n\u00ed krom\u011b umyvadla sprchov\u00fd kout, jako\u017e i\u00a0klasick\u00fd splachovac\u00ed z\u00e1chod a\u00a0bidet. Teplou vodu, spole\u010dn\u011b pro kuchyni i\u00a0koupelnu, n\u00e1m dostate\u010dn\u011b zaji\u0161\u0165uje patn\u00e1ctilitrov\u00fd pr\u016ftokov\u00fd elektrick\u00fd oh\u0159\u00edva\u010d, kter\u00fd je um\u00edst\u011bn\u00fd venku na zadn\u00ed zdi domu, mezi okny kuchyn\u011b a\u00a0koupelny.<\/span><\/p>\n<\/div>\n<div class=\"f_bw speakable\" data-dot=\"mol-paragraph\">\n<p class=\"e_bw\"><span class=\"atm-text-decorator\">Va\u0159\u00edme si, tak jako tady v\u00a0ka\u017ed\u00e9m jin\u00e9m dom\u011b, pochopiteln\u011b ze spole\u010dn\u00fdch z\u00e1sob nakupovan\u00fdch v\u011bt\u0161inou v\u00a0armazemu nebo v\u00fdjime\u010dn\u011b n\u011bkter\u00e9 i\u00a0v klubu. Do n\u011bkter\u00fdch se p\u0159id\u00e1vaj\u00ed jenom n\u011bkter\u00e9 d\u016fle\u017eit\u00e9 mali\u010dkosti, jako je nap\u0159\u00edklad \u0159ada u\u00a0n\u00e1s b\u011b\u017en\u00fdch ko\u0159en\u00ed dovezen\u00fdch si sem z\u00a0\u010ceskoslovenska. Ka\u017ed\u00fd z\u00a0na\u0161\u00ed skupiny pap\u00edr\u00e1k\u016f, kdo z\u00a0takov\u00e9ho domu jako je n\u00e1\u0161 chod\u00ed va\u0159it pro ostatn\u00ed, m\u00e1 nejm\u00e9n\u011b o\u00a0celou jednu hodinu zkr\u00e1cenou dopoledn\u00ed \u010d\u00e1st sv\u00e9 pracovn\u00ed doby. Chod\u00ed anebo v\u011bt\u0161inou spole\u010dn\u011b jezd\u00ed jedn\u00edm autem z\u00a0tov\u00e1rny dom\u016f u\u017e v\u00a0jeden\u00e1ct hodin dopoledne.<\/span><\/p>\n<\/div>\n<div class=\"f_bw speakable\" data-dot=\"mol-paragraph\">\n<p class=\"e_bw\"><span class=\"atm-text-decorator\">Potraviny si zde nakupujeme hlavn\u011b v\u00a0ji\u017e zm\u00edn\u011bn\u00e9m armazemu, speci\u00e1ln\u00edm obchod\u011b z\u0159\u00edzen\u00e9m pro n\u00e1s, kde b\u00fdv\u00e1 denn\u011b otev\u0159eno dopoledne od deseti p\u0159es ob\u011bd do jedn\u00e9 hodiny odpoledne. Otev\u0159eno zde maj\u00ed samoz\u0159ejm\u011b tak\u00e9 v\u00a0sobotu dopoledne. Jedn\u00e1 se vlastn\u011b o\u00a0bezhotovostn\u00ed n\u00e1kupy, kter\u00e9 si v\u011bt\u0161inou zaplat\u00edme spole\u010dn\u011b a\u017e \u010dasem, v\u011bt\u0161inou je to za del\u0161\u00ed interval, v\u00a0hlavn\u00ed \u00fa\u010dt\u00e1rn\u011b v\u00a0CCPA. V\u00a0obchod\u011b vlastn\u011b jen poka\u017ed\u00e9 podep\u00ed\u0161eme p\u0159\u00edslu\u0161n\u00fd \u00fa\u010det za n\u00e1kup, z\u00a0n\u011bho\u017e jedna kopie jde do \u00fa\u010dt\u00e1rny z\u00e1vodu, jedna kopie z\u016fstane pro zde a\u00a0posledn\u00ed d\u00edl dostaneme do ruky my.<\/span><\/p>\n<\/div>\n<div class=\"f_bw speakable\" data-dot=\"mol-paragraph\">\n<p class=\"e_bw\"><span class=\"atm-text-decorator\">K m\u00edstn\u00edmu po\u010das\u00ed snad jen to, \u017ee pokud jsem na sam\u00e9m za\u010d\u00e1tku p\u0159ijel sem do Afriky ve zrovna vrchol\u00edc\u00edm obdob\u00ed sucha, tak potom jsem v\u00a0pr\u016fb\u011bhu cel\u00e9 doby za\u017eil nejeden \u00fapln\u00fd ro\u010dn\u00ed cyklus. To znamen\u00e1 hlavn\u011b zde nejv\u00fdznamn\u011bj\u0161\u00ed obdob\u00ed, tedy obdob\u00ed de\u0161\u0165\u016f. Obdob\u00ed de\u0161\u0165\u016f m\u00e1 na\u0161t\u011bst\u00ed pro zem sv\u00e9 obvykl\u00e9 a\u00a0tak\u00e9 z\u00e1konit\u00e9 za\u010d\u00e1tky, pr\u0161\u00ed v\u017edy a\u00a0skute\u010dn\u011b velmi pravideln\u011b, hned po prvn\u00edm podzimn\u00edm \u00fapl\u0148ku. P\u0159\u00edroda se zde probouz\u00ed ji\u017e n\u011bjakou dobu p\u0159ed prvn\u00edmi de\u0161ti, v\u0161e se za\u010dne zelenat a\u00a0pu\u010det tak t\u0159i a\u017e \u010dty\u0159i t\u00fddny p\u0159ed jejich p\u0159\u00edchodem. Je to v\u017edy p\u011bkn\u00e9 a\u00a0povzbuzuj\u00edc\u00ed, kdy\u017e znovu vyr\u00e1\u017e\u00ed nov\u00e1 tr\u00e1va a\u00a0l\u00edstky na okrasn\u00fdch stromech a\u00a0za\u010d\u00edn\u00e1 se to v\u0161ude v\u00a0p\u0159\u00edrod\u011b pomalu zelenat. Nakonec i\u00a0m\u00edstn\u00ed zem\u011bd\u011blci v\u011bt\u0161inou pravideln\u011b ji\u017e n\u011bkolik t\u00fddn\u016f p\u0159ed prvn\u00edmi de\u0161ti za\u010d\u00ednaj\u00ed s\u00a0velmi intenzivn\u00edm okop\u00e1v\u00e1n\u00edm sv\u00fdch mali\u010dk\u00fdch pol\u00ed\u010dek. Potom sem do cel\u00e9 oblasti n\u00e1hle p\u0159ijdou prvn\u00ed de\u0161t\u011b, kter\u00e9 jsou sice jen kr\u00e1tk\u00e9, ale jinak velice vydatn\u00e9. Po nich u\u017e se objevuj\u00ed n\u00e1dhern\u00e9 a\u00a0nep\u0159ekonateln\u00e9 africk\u00e9 bou\u0159ky a\u00a0\u010dasto t\u0159eba i\u00a0n\u011bkolikr\u00e1t za den. Jsou to skute\u010dn\u011b nesm\u00edrn\u011b prudk\u00e9 p\u0159\u00edvaly de\u0161\u0165ov\u00e9 vody, kter\u00e9 \u017e\u00edzniv\u00e1 zem vysaje t\u00e9m\u011b\u0159 beze zbytku.<\/span><\/p>\n<\/div>\n<div class=\"f_bw speakable\" data-dot=\"mol-paragraph\">\n<p class=\"e_bw\"><span class=\"atm-text-decorator\">Obdob\u00ed sucha naproti tomu p\u0159edchoz\u00edmu u\u017e nen\u00ed a\u017e tak moc p\u011bkn\u00e9. Nejen\u017ee je skute\u010dn\u011b \u00fapln\u00e9 sucho, tak\u017ee tu po dlouh\u00e9 m\u011bs\u00edce doslova ani nek\u00e1pne, ale v\u0161e je tady takov\u00e9 smutn\u00e9. T\u00e9m\u011b\u0159 v\u0161echno list\u00ed usych\u00e1, ze\u017eloutne a\u00a0opad\u00e1 jako u\u00a0n\u00e1s na podzim. Zelen\u00e1 z\u016fst\u00e1v\u00e1 jen v\u011bt\u0161ina z\u00a0eukalypt\u016f v\u00a0okoln\u00edch les\u00edch a\u00a0tak\u00e9 mnoh\u00e9 ban\u00e1novn\u00edky rostouc\u00ed hojn\u011b v\u00a0bl\u00edzk\u00e9m okol\u00ed \u0159eky Catumbela a\u00a0t\u00edm st\u00e1le s\u00a0mo\u017enost\u00ed \u010derpat vl\u00e1hu. Jinak ov\u0161em ostatn\u00ed rostliny, jak v\u0161echny traviny, tak tak\u00e9 i\u00a0v\u011bt\u0161ina ke\u0159\u016f, sesych\u00e1 a\u00a0ztr\u00e1c\u00ed v\u0161echno sv\u00e9 list\u00ed. V\u0161e okolo je such\u00e9 doslova jako pep\u0159. I\u00a0zem je v\u0161ude vyschl\u00e1, je popraskan\u00e1 a\u00a0p\u0159i sebemen\u0161\u00edm z\u00e1vanu v\u011btru je ve vzduchu okam\u017eit\u011b plno typick\u00e9ho na\u010dervenal\u00e9ho prachu. Jestli\u017ee za obdob\u00ed de\u0161\u0165\u016f je norm\u00e1ln\u00ed teplota p\u0159es den do t\u0159iceti p\u011bti stup\u0148\u016f, tak nyn\u00ed vlastn\u011b jen m\u00edrn\u011b vystoup\u00ed nad dvacet stup\u0148\u016f. Zato v\u00a0noci t\u011bsn\u011b nad r\u00e1nem, to je t\u0159eba jen t\u0159i, \u010dty\u0159i stupn\u011b Celsia, to u\u017e je n\u00e1m pane\u010dku p\u011bkn\u00e1 zima. Tak mi potom ani dv\u011b deky na p\u0159ikryt\u00ed a\u00a0k tomu py\u017eama nesta\u010d\u00ed, cht\u011blo si to trochu p\u0159itopit. Toto se tady praktikuje topnou spir\u00e1lou jednodu\u0161e namotanou na povrch v\u011bt\u0161\u00edho keramick\u00e9ho izol\u00e1toru, kter\u00fd je um\u00edst\u011bn\u00fd na kovov\u00e9m stoj\u00e1nku. \u017d\u00e1dn\u00e1 kamna nebo jin\u00e9 topen\u00ed, jak je zn\u00e1me u\u00a0n\u00e1s doma, v\u00a0\u017e\u00e1dn\u00e9m na\u0161em dom\u011b neexistuj\u00ed.<\/span><\/p>\n<\/div>\n<div class=\"f_bw speakable\" data-dot=\"mol-paragraph\">\n<p class=\"e_bw\"><span class=\"atm-text-decorator\">Zdroj:\u00a0<span class=\"e_am\">SAZE\u010cEK, Lubom\u00edr<\/span>. Zajati v\u00a0Angole &#8211; Ne\u017e p\u0159i\u0161la UNITA. Brno: L. Saze\u010dek, 2009.<\/span><\/p>\n<\/div>\n<\/div>\n<\/div>\n<\/article>\n<\/div>\n<\/div>","protected":false},"excerpt":{"rendered":"<p>Jak se \u017eilo \u010ds. expert\u016fm v angolsk\u00e9 Alto Catumbela a co klima? K tropick\u00e9 Africe pon\u011bkud p\u0159ekvapiv\u00e9 informace p\u0159in\u00e1\u0161\u00ed tento text. Klima tam bylo toti\u017e odli\u0161n\u00e9 od na\u0161ich p\u0159edstav. Ale v ka\u017ed\u00e9m p\u0159\u00edpad\u011b pro n\u00e1s p\u0159\u00edjemn\u00e9! Prvn\u00edch p\u011bt m\u011bs\u00edc\u016f zde m\u00e1m b\u00fdt je\u0161t\u011b s\u00e1m bez sv\u00e9 rodiny, \u010di sp\u00ed\u0161e bydlet s\u00a0n\u011bkter\u00fdmi z\u00a0m\u00fdch koleg\u016f, kte\u0159\u00ed tu [&hellip;]<\/p>\n","protected":false},"author":2,"featured_media":417,"comment_status":"open","ping_status":"open","sticky":false,"template":"","format":"standard","meta":{"footnotes":""},"categories":[3],"tags":[],"class_list":["post-415","post","type-post","status-publish","format-standard","has-post-thumbnail","hentry","category-rok-v-zajati-unity-spomienky-priameho-ucastnika"],"yoast_head":"<!-- This site is optimized with the Yoast SEO plugin v27.5 - https:\/\/yoast.com\/product\/yoast-seo-wordpress\/ -->\n<title>Vzpom\u00ednky na \u017eivot v Alto Catumbela | Najv\u00e4\u010d\u0161\u00ed \u00fanos \u010cechoslov\u00e1kov \u2013 Angola 1983<\/title>\n<meta name=\"robots\" content=\"index, follow, max-snippet:-1, max-image-preview:large, max-video-preview:-1\" \/>\n<link rel=\"canonical\" href=\"https:\/\/www.unesenivangole.socializmus.sk\/pt\/vzpominky-na-zivot-v-alto-catumbela\/\" \/>\n<meta property=\"og:locale\" content=\"pt_PT\" \/>\n<meta property=\"og:type\" content=\"article\" \/>\n<meta property=\"og:title\" content=\"Vzpom\u00ednky na \u017eivot v Alto Catumbela | Najv\u00e4\u010d\u0161\u00ed \u00fanos \u010cechoslov\u00e1kov \u2013 Angola 1983\" \/>\n<meta property=\"og:description\" content=\"Jak se \u017eilo \u010ds. expert\u016fm v angolsk\u00e9 Alto Catumbela a co klima? K tropick\u00e9 Africe pon\u011bkud p\u0159ekvapiv\u00e9 informace p\u0159in\u00e1\u0161\u00ed tento text. Klima tam bylo toti\u017e odli\u0161n\u00e9 od na\u0161ich p\u0159edstav. Ale v ka\u017ed\u00e9m p\u0159\u00edpad\u011b pro n\u00e1s p\u0159\u00edjemn\u00e9! Prvn\u00edch p\u011bt m\u011bs\u00edc\u016f zde m\u00e1m b\u00fdt je\u0161t\u011b s\u00e1m bez sv\u00e9 rodiny, \u010di sp\u00ed\u0161e bydlet s\u00a0n\u011bkter\u00fdmi z\u00a0m\u00fdch koleg\u016f, kte\u0159\u00ed tu [&hellip;]\" \/>\n<meta property=\"og:url\" content=\"https:\/\/www.unesenivangole.socializmus.sk\/pt\/vzpominky-na-zivot-v-alto-catumbela\/\" \/>\n<meta property=\"og:site_name\" content=\"Najv\u00e4\u010d\u0161\u00ed \u00fanos \u010cechoslov\u00e1kov \u2013 Angola 1983\" \/>\n<meta property=\"article:published_time\" content=\"2023-08-14T22:34:54+00:00\" \/>\n<meta property=\"og:image\" content=\"https:\/\/www.unesenivangole.socializmus.sk\/wp-content\/uploads\/2023\/08\/obrazok_2023-08-15_003431568.png\" \/>\n\t<meta property=\"og:image:width\" content=\"722\" \/>\n\t<meta property=\"og:image:height\" content=\"406\" \/>\n\t<meta property=\"og:image:type\" content=\"image\/png\" \/>\n<meta name=\"author\" content=\"Lubom\u00edr Saze\u010dek\" \/>\n<meta name=\"twitter:card\" content=\"summary_large_image\" \/>\n<meta name=\"twitter:label1\" content=\"Written by\" \/>\n\t<meta name=\"twitter:data1\" content=\"Lubom\u00edr Saze\u010dek\" \/>\n\t<meta name=\"twitter:label2\" content=\"Est. reading time\" \/>\n\t<meta name=\"twitter:data2\" content=\"7 minutos\" \/>\n<script type=\"application\/ld+json\" class=\"yoast-schema-graph\">{\"@context\":\"https:\\\/\\\/schema.org\",\"@graph\":[{\"@type\":\"Article\",\"@id\":\"https:\\\/\\\/www.unesenivangole.socializmus.sk\\\/vzpominky-na-zivot-v-alto-catumbela\\\/#article\",\"isPartOf\":{\"@id\":\"https:\\\/\\\/www.unesenivangole.socializmus.sk\\\/vzpominky-na-zivot-v-alto-catumbela\\\/\"},\"author\":{\"name\":\"Lubom\u00edr Saze\u010dek\",\"@id\":\"https:\\\/\\\/www.unesenivangole.socializmus.sk\\\/#\\\/schema\\\/person\\\/fa822d48a6f2e73c5a46264cfb4c668c\"},\"headline\":\"Vzpom\u00ednky na \u017eivot v Alto Catumbela\",\"datePublished\":\"2023-08-14T22:34:54+00:00\",\"mainEntityOfPage\":{\"@id\":\"https:\\\/\\\/www.unesenivangole.socializmus.sk\\\/vzpominky-na-zivot-v-alto-catumbela\\\/\"},\"wordCount\":1590,\"commentCount\":0,\"image\":{\"@id\":\"https:\\\/\\\/www.unesenivangole.socializmus.sk\\\/vzpominky-na-zivot-v-alto-catumbela\\\/#primaryimage\"},\"thumbnailUrl\":\"https:\\\/\\\/www.unesenivangole.socializmus.sk\\\/wp-content\\\/uploads\\\/2023\\\/08\\\/obrazok_2023-08-15_003431568.png\",\"articleSection\":[\"Rok v zajat\u00ed UNITY - spomienky priameho \u00fa\u010dastn\u00edka\"],\"inLanguage\":\"pt-AO\",\"potentialAction\":[{\"@type\":\"CommentAction\",\"name\":\"Comment\",\"target\":[\"https:\\\/\\\/www.unesenivangole.socializmus.sk\\\/vzpominky-na-zivot-v-alto-catumbela\\\/#respond\"]}]},{\"@type\":\"WebPage\",\"@id\":\"https:\\\/\\\/www.unesenivangole.socializmus.sk\\\/vzpominky-na-zivot-v-alto-catumbela\\\/\",\"url\":\"https:\\\/\\\/www.unesenivangole.socializmus.sk\\\/vzpominky-na-zivot-v-alto-catumbela\\\/\",\"name\":\"Vzpom\u00ednky na \u017eivot v Alto Catumbela | Najv\u00e4\u010d\u0161\u00ed \u00fanos \u010cechoslov\u00e1kov \u2013 Angola 1983\",\"isPartOf\":{\"@id\":\"https:\\\/\\\/www.unesenivangole.socializmus.sk\\\/#website\"},\"primaryImageOfPage\":{\"@id\":\"https:\\\/\\\/www.unesenivangole.socializmus.sk\\\/vzpominky-na-zivot-v-alto-catumbela\\\/#primaryimage\"},\"image\":{\"@id\":\"https:\\\/\\\/www.unesenivangole.socializmus.sk\\\/vzpominky-na-zivot-v-alto-catumbela\\\/#primaryimage\"},\"thumbnailUrl\":\"https:\\\/\\\/www.unesenivangole.socializmus.sk\\\/wp-content\\\/uploads\\\/2023\\\/08\\\/obrazok_2023-08-15_003431568.png\",\"datePublished\":\"2023-08-14T22:34:54+00:00\",\"author\":{\"@id\":\"https:\\\/\\\/www.unesenivangole.socializmus.sk\\\/#\\\/schema\\\/person\\\/fa822d48a6f2e73c5a46264cfb4c668c\"},\"breadcrumb\":{\"@id\":\"https:\\\/\\\/www.unesenivangole.socializmus.sk\\\/vzpominky-na-zivot-v-alto-catumbela\\\/#breadcrumb\"},\"inLanguage\":\"pt-AO\",\"potentialAction\":[{\"@type\":\"ReadAction\",\"target\":[\"https:\\\/\\\/www.unesenivangole.socializmus.sk\\\/vzpominky-na-zivot-v-alto-catumbela\\\/\"]}]},{\"@type\":\"ImageObject\",\"inLanguage\":\"pt-AO\",\"@id\":\"https:\\\/\\\/www.unesenivangole.socializmus.sk\\\/vzpominky-na-zivot-v-alto-catumbela\\\/#primaryimage\",\"url\":\"https:\\\/\\\/www.unesenivangole.socializmus.sk\\\/wp-content\\\/uploads\\\/2023\\\/08\\\/obrazok_2023-08-15_003431568.png\",\"contentUrl\":\"https:\\\/\\\/www.unesenivangole.socializmus.sk\\\/wp-content\\\/uploads\\\/2023\\\/08\\\/obrazok_2023-08-15_003431568.png\",\"width\":722,\"height\":406,\"caption\":\"Koupali\u0161t\u011b\"},{\"@type\":\"BreadcrumbList\",\"@id\":\"https:\\\/\\\/www.unesenivangole.socializmus.sk\\\/vzpominky-na-zivot-v-alto-catumbela\\\/#breadcrumb\",\"itemListElement\":[{\"@type\":\"ListItem\",\"position\":1,\"name\":\"Domovsk\u00e1 str\u00e1nka\",\"item\":\"https:\\\/\\\/www.unesenivangole.socializmus.sk\\\/\"},{\"@type\":\"ListItem\",\"position\":2,\"name\":\"Vzpom\u00ednky na \u017eivot v Alto Catumbela\"}]},{\"@type\":\"WebSite\",\"@id\":\"https:\\\/\\\/www.unesenivangole.socializmus.sk\\\/#website\",\"url\":\"https:\\\/\\\/www.unesenivangole.socializmus.sk\\\/\",\"name\":\"Najv\u00e4\u010d\u0161\u00ed \u00fanos \u010cechoslov\u00e1kov \u2013 Angola 1983\",\"description\":\"Socializmus.sk\",\"alternateName\":\"Socializmus.sk\",\"potentialAction\":[{\"@type\":\"SearchAction\",\"target\":{\"@type\":\"EntryPoint\",\"urlTemplate\":\"https:\\\/\\\/www.unesenivangole.socializmus.sk\\\/?s={search_term_string}\"},\"query-input\":{\"@type\":\"PropertyValueSpecification\",\"valueRequired\":true,\"valueName\":\"search_term_string\"}}],\"inLanguage\":\"pt-AO\"},{\"@type\":\"Person\",\"@id\":\"https:\\\/\\\/www.unesenivangole.socializmus.sk\\\/#\\\/schema\\\/person\\\/fa822d48a6f2e73c5a46264cfb4c668c\",\"name\":\"Lubom\u00edr Saze\u010dek\",\"image\":{\"@type\":\"ImageObject\",\"inLanguage\":\"pt-AO\",\"@id\":\"https:\\\/\\\/secure.gravatar.com\\\/avatar\\\/6c8bb2922f477d510bca3fecf22662b394c16e3defe376715c4c4ff6a231b390?s=96&d=mm&r=g\",\"url\":\"https:\\\/\\\/secure.gravatar.com\\\/avatar\\\/6c8bb2922f477d510bca3fecf22662b394c16e3defe376715c4c4ff6a231b390?s=96&d=mm&r=g\",\"contentUrl\":\"https:\\\/\\\/secure.gravatar.com\\\/avatar\\\/6c8bb2922f477d510bca3fecf22662b394c16e3defe376715c4c4ff6a231b390?s=96&d=mm&r=g\",\"caption\":\"Lubom\u00edr Saze\u010dek\"},\"sameAs\":[\"https:\\\/\\\/www.unesenivangole.socializmus.sk\\\/\"],\"url\":\"https:\\\/\\\/www.unesenivangole.socializmus.sk\\\/pt\\\/author\\\/sazecek\\\/\"}]}<\/script>\n<!-- \/ Yoast SEO plugin. -->","yoast_head_json":{"title":"Vzpom\u00ednky na \u017eivot v Alto Catumbela | Najv\u00e4\u010d\u0161\u00ed \u00fanos \u010cechoslov\u00e1kov \u2013 Angola 1983","robots":{"index":"index","follow":"follow","max-snippet":"max-snippet:-1","max-image-preview":"max-image-preview:large","max-video-preview":"max-video-preview:-1"},"canonical":"https:\/\/www.unesenivangole.socializmus.sk\/pt\/vzpominky-na-zivot-v-alto-catumbela\/","og_locale":"pt_PT","og_type":"article","og_title":"Vzpom\u00ednky na \u017eivot v Alto Catumbela | Najv\u00e4\u010d\u0161\u00ed \u00fanos \u010cechoslov\u00e1kov \u2013 Angola 1983","og_description":"Jak se \u017eilo \u010ds. expert\u016fm v angolsk\u00e9 Alto Catumbela a co klima? K tropick\u00e9 Africe pon\u011bkud p\u0159ekvapiv\u00e9 informace p\u0159in\u00e1\u0161\u00ed tento text. Klima tam bylo toti\u017e odli\u0161n\u00e9 od na\u0161ich p\u0159edstav. Ale v ka\u017ed\u00e9m p\u0159\u00edpad\u011b pro n\u00e1s p\u0159\u00edjemn\u00e9! Prvn\u00edch p\u011bt m\u011bs\u00edc\u016f zde m\u00e1m b\u00fdt je\u0161t\u011b s\u00e1m bez sv\u00e9 rodiny, \u010di sp\u00ed\u0161e bydlet s\u00a0n\u011bkter\u00fdmi z\u00a0m\u00fdch koleg\u016f, kte\u0159\u00ed tu [&hellip;]","og_url":"https:\/\/www.unesenivangole.socializmus.sk\/pt\/vzpominky-na-zivot-v-alto-catumbela\/","og_site_name":"Najv\u00e4\u010d\u0161\u00ed \u00fanos \u010cechoslov\u00e1kov \u2013 Angola 1983","article_published_time":"2023-08-14T22:34:54+00:00","og_image":[{"width":722,"height":406,"url":"https:\/\/www.unesenivangole.socializmus.sk\/wp-content\/uploads\/2023\/08\/obrazok_2023-08-15_003431568.png","type":"image\/png"}],"author":"Lubom\u00edr Saze\u010dek","twitter_card":"summary_large_image","twitter_misc":{"Written by":"Lubom\u00edr Saze\u010dek","Est. reading time":"7 minutos"},"schema":{"@context":"https:\/\/schema.org","@graph":[{"@type":"Article","@id":"https:\/\/www.unesenivangole.socializmus.sk\/vzpominky-na-zivot-v-alto-catumbela\/#article","isPartOf":{"@id":"https:\/\/www.unesenivangole.socializmus.sk\/vzpominky-na-zivot-v-alto-catumbela\/"},"author":{"name":"Lubom\u00edr Saze\u010dek","@id":"https:\/\/www.unesenivangole.socializmus.sk\/#\/schema\/person\/fa822d48a6f2e73c5a46264cfb4c668c"},"headline":"Vzpom\u00ednky na \u017eivot v Alto Catumbela","datePublished":"2023-08-14T22:34:54+00:00","mainEntityOfPage":{"@id":"https:\/\/www.unesenivangole.socializmus.sk\/vzpominky-na-zivot-v-alto-catumbela\/"},"wordCount":1590,"commentCount":0,"image":{"@id":"https:\/\/www.unesenivangole.socializmus.sk\/vzpominky-na-zivot-v-alto-catumbela\/#primaryimage"},"thumbnailUrl":"https:\/\/www.unesenivangole.socializmus.sk\/wp-content\/uploads\/2023\/08\/obrazok_2023-08-15_003431568.png","articleSection":["Rok v zajat\u00ed UNITY - spomienky priameho \u00fa\u010dastn\u00edka"],"inLanguage":"pt-AO","potentialAction":[{"@type":"CommentAction","name":"Comment","target":["https:\/\/www.unesenivangole.socializmus.sk\/vzpominky-na-zivot-v-alto-catumbela\/#respond"]}]},{"@type":"WebPage","@id":"https:\/\/www.unesenivangole.socializmus.sk\/vzpominky-na-zivot-v-alto-catumbela\/","url":"https:\/\/www.unesenivangole.socializmus.sk\/vzpominky-na-zivot-v-alto-catumbela\/","name":"Vzpom\u00ednky na \u017eivot v Alto Catumbela | Najv\u00e4\u010d\u0161\u00ed \u00fanos \u010cechoslov\u00e1kov \u2013 Angola 1983","isPartOf":{"@id":"https:\/\/www.unesenivangole.socializmus.sk\/#website"},"primaryImageOfPage":{"@id":"https:\/\/www.unesenivangole.socializmus.sk\/vzpominky-na-zivot-v-alto-catumbela\/#primaryimage"},"image":{"@id":"https:\/\/www.unesenivangole.socializmus.sk\/vzpominky-na-zivot-v-alto-catumbela\/#primaryimage"},"thumbnailUrl":"https:\/\/www.unesenivangole.socializmus.sk\/wp-content\/uploads\/2023\/08\/obrazok_2023-08-15_003431568.png","datePublished":"2023-08-14T22:34:54+00:00","author":{"@id":"https:\/\/www.unesenivangole.socializmus.sk\/#\/schema\/person\/fa822d48a6f2e73c5a46264cfb4c668c"},"breadcrumb":{"@id":"https:\/\/www.unesenivangole.socializmus.sk\/vzpominky-na-zivot-v-alto-catumbela\/#breadcrumb"},"inLanguage":"pt-AO","potentialAction":[{"@type":"ReadAction","target":["https:\/\/www.unesenivangole.socializmus.sk\/vzpominky-na-zivot-v-alto-catumbela\/"]}]},{"@type":"ImageObject","inLanguage":"pt-AO","@id":"https:\/\/www.unesenivangole.socializmus.sk\/vzpominky-na-zivot-v-alto-catumbela\/#primaryimage","url":"https:\/\/www.unesenivangole.socializmus.sk\/wp-content\/uploads\/2023\/08\/obrazok_2023-08-15_003431568.png","contentUrl":"https:\/\/www.unesenivangole.socializmus.sk\/wp-content\/uploads\/2023\/08\/obrazok_2023-08-15_003431568.png","width":722,"height":406,"caption":"Koupali\u0161t\u011b"},{"@type":"BreadcrumbList","@id":"https:\/\/www.unesenivangole.socializmus.sk\/vzpominky-na-zivot-v-alto-catumbela\/#breadcrumb","itemListElement":[{"@type":"ListItem","position":1,"name":"Domovsk\u00e1 str\u00e1nka","item":"https:\/\/www.unesenivangole.socializmus.sk\/"},{"@type":"ListItem","position":2,"name":"Vzpom\u00ednky na \u017eivot v Alto Catumbela"}]},{"@type":"WebSite","@id":"https:\/\/www.unesenivangole.socializmus.sk\/#website","url":"https:\/\/www.unesenivangole.socializmus.sk\/","name":"O maior rapto de checoslovacos - Angola 1983","description":"Socializmus.sk","alternateName":"Socializmus.sk","potentialAction":[{"@type":"SearchAction","target":{"@type":"EntryPoint","urlTemplate":"https:\/\/www.unesenivangole.socializmus.sk\/?s={search_term_string}"},"query-input":{"@type":"PropertyValueSpecification","valueRequired":true,"valueName":"search_term_string"}}],"inLanguage":"pt-AO"},{"@type":"Person","@id":"https:\/\/www.unesenivangole.socializmus.sk\/#\/schema\/person\/fa822d48a6f2e73c5a46264cfb4c668c","name":"Lubom\u00edr Saze\u010dek","image":{"@type":"ImageObject","inLanguage":"pt-AO","@id":"https:\/\/secure.gravatar.com\/avatar\/6c8bb2922f477d510bca3fecf22662b394c16e3defe376715c4c4ff6a231b390?s=96&d=mm&r=g","url":"https:\/\/secure.gravatar.com\/avatar\/6c8bb2922f477d510bca3fecf22662b394c16e3defe376715c4c4ff6a231b390?s=96&d=mm&r=g","contentUrl":"https:\/\/secure.gravatar.com\/avatar\/6c8bb2922f477d510bca3fecf22662b394c16e3defe376715c4c4ff6a231b390?s=96&d=mm&r=g","caption":"Lubom\u00edr Saze\u010dek"},"sameAs":["https:\/\/www.unesenivangole.socializmus.sk\/"],"url":"https:\/\/www.unesenivangole.socializmus.sk\/pt\/author\/sazecek\/"}]}},"_links":{"self":[{"href":"https:\/\/www.unesenivangole.socializmus.sk\/pt\/wp-json\/wp\/v2\/posts\/415","targetHints":{"allow":["GET"]}}],"collection":[{"href":"https:\/\/www.unesenivangole.socializmus.sk\/pt\/wp-json\/wp\/v2\/posts"}],"about":[{"href":"https:\/\/www.unesenivangole.socializmus.sk\/pt\/wp-json\/wp\/v2\/types\/post"}],"author":[{"embeddable":true,"href":"https:\/\/www.unesenivangole.socializmus.sk\/pt\/wp-json\/wp\/v2\/users\/2"}],"replies":[{"embeddable":true,"href":"https:\/\/www.unesenivangole.socializmus.sk\/pt\/wp-json\/wp\/v2\/comments?post=415"}],"version-history":[{"count":1,"href":"https:\/\/www.unesenivangole.socializmus.sk\/pt\/wp-json\/wp\/v2\/posts\/415\/revisions"}],"predecessor-version":[{"id":418,"href":"https:\/\/www.unesenivangole.socializmus.sk\/pt\/wp-json\/wp\/v2\/posts\/415\/revisions\/418"}],"wp:featuredmedia":[{"embeddable":true,"href":"https:\/\/www.unesenivangole.socializmus.sk\/pt\/wp-json\/wp\/v2\/media\/417"}],"wp:attachment":[{"href":"https:\/\/www.unesenivangole.socializmus.sk\/pt\/wp-json\/wp\/v2\/media?parent=415"}],"wp:term":[{"taxonomy":"category","embeddable":true,"href":"https:\/\/www.unesenivangole.socializmus.sk\/pt\/wp-json\/wp\/v2\/categories?post=415"},{"taxonomy":"post_tag","embeddable":true,"href":"https:\/\/www.unesenivangole.socializmus.sk\/pt\/wp-json\/wp\/v2\/tags?post=415"}],"curies":[{"name":"wp","href":"https:\/\/api.w.org\/{rel}","templated":true}]}}